{"id":1404,"date":"2020-02-27T14:37:33","date_gmt":"2020-02-27T14:37:33","guid":{"rendered":"https:\/\/patrocinados.estadao.com.br\/deloitte-esg-esg\/?p=1404"},"modified":"2021-09-20T11:24:49","modified_gmt":"2021-09-20T14:24:49","slug":"visao-integrada-da-conformidade-atende-a-novas-exigencias-regulatorias-e-do-mercado","status":"publish","type":"post","link":"https:\/\/patrocinados.estadao.com.br\/deloitte-jornada-da-sustentabilidade\/2020\/02\/27\/visao-integrada-da-conformidade-atende-a-novas-exigencias-regulatorias-e-do-mercado\/","title":{"rendered":"Vis\u00e3o integrada da conformidade atende a novas exig\u00eancias regulat\u00f3rias e do mercado"},"content":{"rendered":"<p>A era digital traz \u00e0s empresas in\u00fameros novos desafios. A velocidade da mudan\u00e7a dos processos e da ado\u00e7\u00e3o de novas tecnologias \u00e9 muito maior hoje do que h\u00e1 poucos anos. Reinven\u00e7\u00e3o, adapta\u00e7\u00e3o e cria\u00e7\u00e3o frente aos desafios disruptivos s\u00e3o fundamentais para a sobreviv\u00eancia das empresas. Novos times e processos resultam em novos modelos de neg\u00f3cios, acompanhados de toda a carga regulat\u00f3ria e normativa exigida por cada vez mais leis de prote\u00e7\u00e3o de dados, privacidade e rela\u00e7\u00f5es com clientes, fornecedores e investidores. Ao lado disso, a seguran\u00e7a cibern\u00e9tica \u00e9 uma preocupa\u00e7\u00e3o constante: como os dados alimentam a nova economia, eles passam a ter valor de ativo financeiro e viram alvo da cobi\u00e7a de criminosos digitais.<\/p>\n<p>Todas essas mudan\u00e7as no ambiente corporativo tornam natural que empresas de diversas \u00e1reas e tamanhos passem a se preocupar na mesma propor\u00e7\u00e3o com as pr\u00e1ticas eficientes de compliance. Estar em conformidade com as normas e pr\u00e1ticas de neg\u00f3cio ganhou a ajuda poderosa da tecnologia \u2013 por\u00e9m, diante da multiplicidade de cen\u00e1rios, dar respostas mais eficientes, especialmente no combate a fraudes e desvios de conduta, \u00e9 tamb\u00e9m mais complexo e exige o envolvimento de mais profissionais.<\/p>\n<p>\u201cAs demandas regulat\u00f3rias tornaram-se muito complexas e requerem hoje conhecimentos complementares para endere\u00e7\u00e1-las. Por isso, surge a necessidade de uma solu\u00e7\u00e3o de compliance que contemple v\u00e1rias frentes \u2013 com suporte, por exemplo, a aspectos regulat\u00f3rios, forenses e at\u00e9 mesmo de riscos de conduta dos executivos e profissionais\u201d, afirma Alex Borges, s\u00f3cio de Risk Advisory e l\u00edder das pr\u00e1ticas de Riscos Regulat\u00f3rios e Riscos Estrat\u00e9gicos da Deloitte. \u201cPercebemos que, de um tempo para c\u00e1, o mercado brasileiro requer um apoio mais abrangente, que cubra todas as demandas do neg\u00f3cio\u201d, endossa Camila Boretti, s\u00f3cia de Risk Advisory e l\u00edder da pr\u00e1tica de Riscos Operacionais da Deloitte.<\/p>\n<p>Esse \u00e9 justamente o enfoque da abordagem \u201cCompliance Triple Play\u201d (CTP), desenvolvida pela Deloitte. \u201cGarantir que a empresa esteja em conformidade em seus neg\u00f3cios exige uma solu\u00e7\u00e3o integrada. \u00c1reas distintas trabalham juntas para ter uma vis\u00e3o mais completa do que est\u00e1 acontecendo em determinada situa\u00e7\u00e3o\u201d, explica Borges.<\/p>\n<p>Com a introdu\u00e7\u00e3o da Lei Anticorrup\u00e7\u00e3o e dabertura das investiga\u00e7\u00f5es e processos da Opera\u00e7\u00e3o Lava Jato, h\u00e1 uma preocupa\u00e7\u00e3o muito maior com irregularidades, fraudes e riscos cibern\u00e9ticos no ambiente corporativo. Muitas empresas, por\u00e9m, n\u00e3o t\u00eam as capacidades necess\u00e1rias para mapear a complexidade e sofistica\u00e7\u00e3o das informa\u00e7\u00f5es de forma correta. \u00c9 precisamente nesse ponto que o modelo multidisciplinar funciona, com uma atua\u00e7\u00e3o conjunta de \u00e1reas-chave para atender \u00e0s exig\u00eancias do mercado.<\/p>\n<p>As tr\u00eas vias do modelo CTP preveem: primeiramente, a an\u00e1lise de riscos regulat\u00f3rios, pol\u00edticas de governan\u00e7a, entre outros fatores relativos \u00e0s opera\u00e7\u00f5es e transa\u00e7\u00f5es da empresa, com implica\u00e7\u00f5es internas e externas \u00e0 organiza\u00e7\u00e3o. Em segundo lugar, s\u00e3o endere\u00e7ados os <a href=\"https:\/\/patrocinados.estadao.com.br\/deloitte-esg-esg\/2020\/09\/11\/gestao-eficiente-diminui-riscos-causados-por-desvios-de-conduta-nas-organizacoes\/\" target=\"_blank\" rel=\"noopener noreferrer\">riscos de conduta<\/a>, para apoiar as empresas a desenvolver e fortalecer sua cultura empresarial pautada em valores \u00e9ticos e de integridade. Por fim, h\u00e1 o suporte na \u00e1rea de investiga\u00e7\u00e3o forense \u2013 com aten\u00e7\u00e3o aos passos que devem ser seguidos para preservar a cadeia de cust\u00f3dia de evid\u00eancias f\u00edsicas e eletr\u00f4nicas, garantindo dados \u00edntegros e fidedignos que possam ser usados em uma eventual discuss\u00e3o judicial oriunda de desvios de conduta ocorridos na empresa. Todas as frentes de trabalho s\u00e3o contempladas com o uso intenso de softwares espec\u00edficos e ferramentas de data analytics, para a identifica\u00e7\u00e3o mais f\u00e1cil dos modelos, mas, sobretudo, com a aplica\u00e7\u00e3o de conhecimento especializado. Alex Borges lembra a import\u00e2ncia do <a href=\"https:\/\/patrocinados.estadao.com.br\/deloitte-esg-esg\/2019\/09\/10\/canais-de-denuncias-garantem-ambiente-de-negocios-saudavel-e-transparente\/\" target=\"_blank\" rel=\"noopener noreferrer\">canal de den\u00fancias <\/a>nesse modelo, uma ferramenta poderosa frente a quest\u00f5es \u00e9ticas, de integridade e transpar\u00eancia. \u201cEm quest\u00e3o de fraudes e irregularidades, a maior parte das den\u00fancias de desvio de conduta vem por esse canal\u201d, revela.<\/p>\n<p>Quando chega uma den\u00fancia, a \u00e1rea de suporte apura se ela tem fundamento e, quando aplic\u00e1vel, come\u00e7a a investiga\u00e7\u00e3o forense \u2013 com uma equipe que vai fazer a coleta, o processamento e a an\u00e1lise dos dados, estruturados (de sistemas corporativos) e n\u00e3o estruturados (de correios eletr\u00f4nicos). \u201cOs profissionais da \u00e1rea forense cuidam de quest\u00f5es que v\u00e3o desde a investiga\u00e7\u00e3o de irregularidades e fraudes, \u00e0 busca de ativos desviados por meio de fraudes no ambiente empresarial\u201d, explica Jos\u00e9 Paulo Rocha, s\u00f3cio da \u00e1rea de Financial Advisory e da pr\u00e1tica de Servi\u00e7os Forenses da Deloitte. \u201cEssas equipes asseguram a guarda de dados eletr\u00f4nicos, para apoio \u00e0s empresas, e para que possam ser utilizados legalmente em processos judiciais e arbitrais&#8221;, completa Jos\u00e9 Paulo. A solu\u00e7\u00e3o triple play acompanha o cliente no tratamento de determinada den\u00fancia em todos os tr\u00e2mites de investiga\u00e7\u00e3o que isso demanda, assegurando os aspectos de confidencialidade de dados e privacidade e prote\u00e7\u00e3o ao denunciante.<\/p>\n<p>Depois, entram em a\u00e7\u00e3o os procedimentos de controle: o que fazer para mitigar os riscos futuros? Como implementar novas pr\u00e1ticas para que o desvio n\u00e3o se repita? O trabalho, muitas vezes, envolve revis\u00e3o completa de contratos, de equipes e m\u00e9todos de funcionamento, al\u00e9m da reorganiza\u00e7\u00e3o do fluxo de informa\u00e7\u00f5es na empresa. \u201cCriar mecanismos de controle que mitiguem a recorr\u00eancia de eventos negativos \u00e9 fundamental para inibir novas tentativas e corrigir prontamente casos materializados\u201d, assegura Camila Boretti.\u00a0\u00c9 necess\u00e1ria ainda ter aten\u00e7\u00e3o a pontos como a conformidade \u00e0 <a href=\"https:\/\/www2.deloitte.com\/br\/pt\/pages\/risk\/solutions\/lgpd.html\" target=\"_blank\" rel=\"noopener noreferrer\">Lei Geral de Prote\u00e7\u00e3o de Dados<\/a> (LGPD, que entra em vigor em agosto no Brasil), a <a href=\"https:\/\/patrocinados.estadao.com.br\/deloitte-esg-esg\/2018\/12\/11\/avanco-da-contratacao-de-terceiros-pede-maior-atencao-a-gestao-de-riscos\/\" target=\"_blank\" rel=\"noopener noreferrer\">terceiriza\u00e7\u00e3o de contratos e funcion\u00e1rios<\/a> e o constante monitoramento de ataques cibern\u00e9ticos.<\/p>\n<p>\u201cTudo isso requer que o gestor tenha conhecimentos amplos e distintos. Por exemplo, em uma transa\u00e7\u00e3o que envolva risco cibern\u00e9tico, a empresa precisa ter um especialista na \u00e1rea. Uma vez identificado o risco, como a organiza\u00e7\u00e3o agir\u00e1 para mitig\u00e1-lo?\u201d, exemplifica Borges. \u201cSe a empresa ficou desamparada quanto \u00e0 materializa\u00e7\u00e3o de um risco, dependendo da sua dimens\u00e3o, uma investiga\u00e7\u00e3o forense pode ser necess\u00e1ria. Se, eventualmente, houver um ataque com vazamento de informa\u00e7\u00f5es, a empresa precisa entender como ele ocorreu, se h\u00e1 um respons\u00e1vel interno pelo risco e quais s\u00e3o as consequ\u00eancias para os neg\u00f3cios. O modelo triple play permite uma vis\u00e3o mais integrada desse cen\u00e1rio, com o endere\u00e7amento adequado dos diferentes tipos de risco\u201d.<\/p>\n<p>Com as exig\u00eancias mais amplas na resposta \u00e0s demandas de forma \u00e9tica e respons\u00e1vel, a \u00e1rea de compliance ganhou for\u00e7a e import\u00e2ncia estrat\u00e9gica nas empresas. At\u00e9 pouco tempo, essa frente podia ser considerada meramente um custo necess\u00e1rio. Hoje, as organiza\u00e7\u00f5es j\u00e1 invertem essa l\u00f3gica e o compliance \u00e9 visto como uma oportunidade efetiva de gera\u00e7\u00e3o de valor.<\/p>\n","protected":false},"excerpt":{"rendered":"<p>Cen\u00e1rio de neg\u00f3cios mais complexo da era digital requer trabalho conjunto de profissionais de diferentes \u00e1reas para assegurar boas pr\u00e1ticas<\/p>\n","protected":false},"author":2,"featured_media":1823,"comment_status":"open","ping_status":"closed","sticky":false,"template":"","format":"standard","meta":{"_acf_changed":false,"footnotes":""},"categories":[1],"tags":[],"class_list":["post-1404","post","type-post","status-publish","format-standard","has-post-thumbnail","hentry","category-sem-categoria"],"acf":[],"yoast_head":"<!-- This site is optimized with the Yoast SEO plugin v27.1.1 - https:\/\/yoast.com\/product\/yoast-seo-wordpress\/ -->\n<title>Vis\u00e3o integrada da conformidade atende a novas exig\u00eancias regulat\u00f3rias e do mercado - Jornada da Sustentabilidade, oferecido por Deloitte<\/title>\n<meta name=\"robots\" content=\"index, follow, max-snippet:-1, max-image-preview:large, max-video-preview:-1\" \/>\n<link rel=\"canonical\" href=\"https:\/\/patrocinados.estadao.com.br\/deloitte-jornada-da-sustentabilidade\/2020\/02\/27\/visao-integrada-da-conformidade-atende-a-novas-exigencias-regulatorias-e-do-mercado\/\" \/>\n<meta property=\"og:locale\" content=\"pt_BR\" \/>\n<meta property=\"og:type\" content=\"article\" \/>\n<meta property=\"og:title\" content=\"Vis\u00e3o integrada da conformidade atende a novas exig\u00eancias regulat\u00f3rias e do mercado - Jornada da Sustentabilidade, oferecido por Deloitte\" \/>\n<meta property=\"og:description\" content=\"Cen\u00e1rio de neg\u00f3cios mais complexo da era digital requer trabalho conjunto de profissionais de diferentes \u00e1reas para assegurar boas pr\u00e1ticas\" \/>\n<meta property=\"og:url\" content=\"https:\/\/patrocinados.estadao.com.br\/deloitte-jornada-da-sustentabilidade\/2020\/02\/27\/visao-integrada-da-conformidade-atende-a-novas-exigencias-regulatorias-e-do-mercado\/\" \/>\n<meta property=\"og:site_name\" content=\"Jornada da Sustentabilidade, oferecido por Deloitte\" \/>\n<meta property=\"article:published_time\" content=\"2020-02-27T14:37:33+00:00\" \/>\n<meta property=\"article:modified_time\" content=\"2021-09-20T14:24:49+00:00\" \/>\n<meta property=\"og:image\" content=\"https:\/\/patrocinados.estadao.com.br\/deloitte-jornada-da-sustentabilidade\/wp-content\/uploads\/2021\/09\/home_triple.jpg\" \/>\n\t<meta property=\"og:image:width\" content=\"760\" \/>\n\t<meta property=\"og:image:height\" content=\"428\" \/>\n\t<meta property=\"og:image:type\" content=\"image\/jpeg\" \/>\n<meta name=\"author\" content=\"Geosfera\" \/>\n<meta name=\"twitter:card\" content=\"summary_large_image\" \/>\n<meta name=\"twitter:label1\" content=\"Escrito por\" \/>\n\t<meta name=\"twitter:data1\" content=\"Geosfera\" \/>\n\t<meta name=\"twitter:label2\" content=\"Est. tempo de leitura\" \/>\n\t<meta name=\"twitter:data2\" content=\"6 minutos\" \/>\n<script type=\"application\/ld+json\" class=\"yoast-schema-graph\">{\"@context\":\"https:\/\/schema.org\",\"@graph\":[{\"@type\":\"Article\",\"@id\":\"https:\/\/patrocinados.estadao.com.br\/deloitte-jornada-da-sustentabilidade\/2020\/02\/27\/visao-integrada-da-conformidade-atende-a-novas-exigencias-regulatorias-e-do-mercado\/#article\",\"isPartOf\":{\"@id\":\"https:\/\/patrocinados.estadao.com.br\/deloitte-jornada-da-sustentabilidade\/2020\/02\/27\/visao-integrada-da-conformidade-atende-a-novas-exigencias-regulatorias-e-do-mercado\/\"},\"author\":{\"name\":\"Geosfera\",\"@id\":\"https:\/\/patrocinados.estadao.com.br\/deloitte-jornada-da-sustentabilidade\/#\/schema\/person\/9be56940425d4f31e0c82015d0fd725f\"},\"headline\":\"Vis\u00e3o integrada da conformidade atende a novas exig\u00eancias regulat\u00f3rias e do mercado\",\"datePublished\":\"2020-02-27T14:37:33+00:00\",\"dateModified\":\"2021-09-20T14:24:49+00:00\",\"mainEntityOfPage\":{\"@id\":\"https:\/\/patrocinados.estadao.com.br\/deloitte-jornada-da-sustentabilidade\/2020\/02\/27\/visao-integrada-da-conformidade-atende-a-novas-exigencias-regulatorias-e-do-mercado\/\"},\"wordCount\":1180,\"commentCount\":0,\"image\":{\"@id\":\"https:\/\/patrocinados.estadao.com.br\/deloitte-jornada-da-sustentabilidade\/2020\/02\/27\/visao-integrada-da-conformidade-atende-a-novas-exigencias-regulatorias-e-do-mercado\/#primaryimage\"},\"thumbnailUrl\":\"https:\/\/patrocinados.estadao.com.br\/deloitte-jornada-da-sustentabilidade\/wp-content\/uploads\/2021\/09\/home_triple.jpg\",\"inLanguage\":\"pt-BR\",\"potentialAction\":[{\"@type\":\"CommentAction\",\"name\":\"Comment\",\"target\":[\"https:\/\/patrocinados.estadao.com.br\/deloitte-jornada-da-sustentabilidade\/2020\/02\/27\/visao-integrada-da-conformidade-atende-a-novas-exigencias-regulatorias-e-do-mercado\/#respond\"]}]},{\"@type\":\"WebPage\",\"@id\":\"https:\/\/patrocinados.estadao.com.br\/deloitte-jornada-da-sustentabilidade\/2020\/02\/27\/visao-integrada-da-conformidade-atende-a-novas-exigencias-regulatorias-e-do-mercado\/\",\"url\":\"https:\/\/patrocinados.estadao.com.br\/deloitte-jornada-da-sustentabilidade\/2020\/02\/27\/visao-integrada-da-conformidade-atende-a-novas-exigencias-regulatorias-e-do-mercado\/\",\"name\":\"Vis\u00e3o integrada da conformidade atende a novas exig\u00eancias regulat\u00f3rias e do mercado - Jornada da Sustentabilidade, oferecido por Deloitte\",\"isPartOf\":{\"@id\":\"https:\/\/patrocinados.estadao.com.br\/deloitte-jornada-da-sustentabilidade\/#website\"},\"primaryImageOfPage\":{\"@id\":\"https:\/\/patrocinados.estadao.com.br\/deloitte-jornada-da-sustentabilidade\/2020\/02\/27\/visao-integrada-da-conformidade-atende-a-novas-exigencias-regulatorias-e-do-mercado\/#primaryimage\"},\"image\":{\"@id\":\"https:\/\/patrocinados.estadao.com.br\/deloitte-jornada-da-sustentabilidade\/2020\/02\/27\/visao-integrada-da-conformidade-atende-a-novas-exigencias-regulatorias-e-do-mercado\/#primaryimage\"},\"thumbnailUrl\":\"https:\/\/patrocinados.estadao.com.br\/deloitte-jornada-da-sustentabilidade\/wp-content\/uploads\/2021\/09\/home_triple.jpg\",\"datePublished\":\"2020-02-27T14:37:33+00:00\",\"dateModified\":\"2021-09-20T14:24:49+00:00\",\"author\":{\"@id\":\"https:\/\/patrocinados.estadao.com.br\/deloitte-jornada-da-sustentabilidade\/#\/schema\/person\/9be56940425d4f31e0c82015d0fd725f\"},\"breadcrumb\":{\"@id\":\"https:\/\/patrocinados.estadao.com.br\/deloitte-jornada-da-sustentabilidade\/2020\/02\/27\/visao-integrada-da-conformidade-atende-a-novas-exigencias-regulatorias-e-do-mercado\/#breadcrumb\"},\"inLanguage\":\"pt-BR\",\"potentialAction\":[{\"@type\":\"ReadAction\",\"target\":[\"https:\/\/patrocinados.estadao.com.br\/deloitte-jornada-da-sustentabilidade\/2020\/02\/27\/visao-integrada-da-conformidade-atende-a-novas-exigencias-regulatorias-e-do-mercado\/\"]}]},{\"@type\":\"ImageObject\",\"inLanguage\":\"pt-BR\",\"@id\":\"https:\/\/patrocinados.estadao.com.br\/deloitte-jornada-da-sustentabilidade\/2020\/02\/27\/visao-integrada-da-conformidade-atende-a-novas-exigencias-regulatorias-e-do-mercado\/#primaryimage\",\"url\":\"https:\/\/patrocinados.estadao.com.br\/deloitte-jornada-da-sustentabilidade\/wp-content\/uploads\/2021\/09\/home_triple.jpg\",\"contentUrl\":\"https:\/\/patrocinados.estadao.com.br\/deloitte-jornada-da-sustentabilidade\/wp-content\/uploads\/2021\/09\/home_triple.jpg\",\"width\":760,\"height\":428},{\"@type\":\"BreadcrumbList\",\"@id\":\"https:\/\/patrocinados.estadao.com.br\/deloitte-jornada-da-sustentabilidade\/2020\/02\/27\/visao-integrada-da-conformidade-atende-a-novas-exigencias-regulatorias-e-do-mercado\/#breadcrumb\",\"itemListElement\":[{\"@type\":\"ListItem\",\"position\":1,\"name\":\"In\u00edcio\",\"item\":\"https:\/\/patrocinados.estadao.com.br\/deloitte-jornada-da-sustentabilidade\/\"},{\"@type\":\"ListItem\",\"position\":2,\"name\":\"Vis\u00e3o integrada da conformidade atende a novas exig\u00eancias regulat\u00f3rias e do mercado\"}]},{\"@type\":\"WebSite\",\"@id\":\"https:\/\/patrocinados.estadao.com.br\/deloitte-jornada-da-sustentabilidade\/#website\",\"url\":\"https:\/\/patrocinados.estadao.com.br\/deloitte-jornada-da-sustentabilidade\/\",\"name\":\"Jornada da Sustentabilidade, oferecido por Deloitte\",\"description\":\"Solu\u00e7\u00f5es de governan\u00e7a corporativa para seus desafios de neg\u00f3cios\",\"potentialAction\":[{\"@type\":\"SearchAction\",\"target\":{\"@type\":\"EntryPoint\",\"urlTemplate\":\"https:\/\/patrocinados.estadao.com.br\/deloitte-jornada-da-sustentabilidade\/?s={search_term_string}\"},\"query-input\":{\"@type\":\"PropertyValueSpecification\",\"valueRequired\":true,\"valueName\":\"search_term_string\"}}],\"inLanguage\":\"pt-BR\"},{\"@type\":\"Person\",\"@id\":\"https:\/\/patrocinados.estadao.com.br\/deloitte-jornada-da-sustentabilidade\/#\/schema\/person\/9be56940425d4f31e0c82015d0fd725f\",\"name\":\"Geosfera\",\"image\":{\"@type\":\"ImageObject\",\"inLanguage\":\"pt-BR\",\"@id\":\"https:\/\/patrocinados.estadao.com.br\/deloitte-jornada-da-sustentabilidade\/#\/schema\/person\/image\/\",\"url\":\"https:\/\/secure.gravatar.com\/avatar\/9d33d40efdce4963188a84bd4777a5f81f7c8e9cfcc15e6853c05f5cfee4c0ab?s=96&d=mm&r=g\",\"contentUrl\":\"https:\/\/secure.gravatar.com\/avatar\/9d33d40efdce4963188a84bd4777a5f81f7c8e9cfcc15e6853c05f5cfee4c0ab?s=96&d=mm&r=g\",\"caption\":\"Geosfera\"},\"sameAs\":[\"http:\/\/geosfera.com.br\"],\"url\":\"https:\/\/patrocinados.estadao.com.br\/deloitte-jornada-da-sustentabilidade\/author\/geosfera_deloitte\/\"}]}<\/script>\n<!-- \/ Yoast SEO plugin. -->","yoast_head_json":{"title":"Vis\u00e3o integrada da conformidade atende a novas exig\u00eancias regulat\u00f3rias e do mercado - Jornada da Sustentabilidade, oferecido por Deloitte","robots":{"index":"index","follow":"follow","max-snippet":"max-snippet:-1","max-image-preview":"max-image-preview:large","max-video-preview":"max-video-preview:-1"},"canonical":"https:\/\/patrocinados.estadao.com.br\/deloitte-jornada-da-sustentabilidade\/2020\/02\/27\/visao-integrada-da-conformidade-atende-a-novas-exigencias-regulatorias-e-do-mercado\/","og_locale":"pt_BR","og_type":"article","og_title":"Vis\u00e3o integrada da conformidade atende a novas exig\u00eancias regulat\u00f3rias e do mercado - Jornada da Sustentabilidade, oferecido por Deloitte","og_description":"Cen\u00e1rio de neg\u00f3cios mais complexo da era digital requer trabalho conjunto de profissionais de diferentes \u00e1reas para assegurar boas pr\u00e1ticas","og_url":"https:\/\/patrocinados.estadao.com.br\/deloitte-jornada-da-sustentabilidade\/2020\/02\/27\/visao-integrada-da-conformidade-atende-a-novas-exigencias-regulatorias-e-do-mercado\/","og_site_name":"Jornada da Sustentabilidade, oferecido por Deloitte","article_published_time":"2020-02-27T14:37:33+00:00","article_modified_time":"2021-09-20T14:24:49+00:00","og_image":[{"width":760,"height":428,"url":"https:\/\/patrocinados.estadao.com.br\/deloitte-jornada-da-sustentabilidade\/wp-content\/uploads\/2021\/09\/home_triple.jpg","type":"image\/jpeg"}],"author":"Geosfera","twitter_card":"summary_large_image","twitter_misc":{"Escrito por":"Geosfera","Est. tempo de leitura":"6 minutos"},"schema":{"@context":"https:\/\/schema.org","@graph":[{"@type":"Article","@id":"https:\/\/patrocinados.estadao.com.br\/deloitte-jornada-da-sustentabilidade\/2020\/02\/27\/visao-integrada-da-conformidade-atende-a-novas-exigencias-regulatorias-e-do-mercado\/#article","isPartOf":{"@id":"https:\/\/patrocinados.estadao.com.br\/deloitte-jornada-da-sustentabilidade\/2020\/02\/27\/visao-integrada-da-conformidade-atende-a-novas-exigencias-regulatorias-e-do-mercado\/"},"author":{"name":"Geosfera","@id":"https:\/\/patrocinados.estadao.com.br\/deloitte-jornada-da-sustentabilidade\/#\/schema\/person\/9be56940425d4f31e0c82015d0fd725f"},"headline":"Vis\u00e3o integrada da conformidade atende a novas exig\u00eancias regulat\u00f3rias e do mercado","datePublished":"2020-02-27T14:37:33+00:00","dateModified":"2021-09-20T14:24:49+00:00","mainEntityOfPage":{"@id":"https:\/\/patrocinados.estadao.com.br\/deloitte-jornada-da-sustentabilidade\/2020\/02\/27\/visao-integrada-da-conformidade-atende-a-novas-exigencias-regulatorias-e-do-mercado\/"},"wordCount":1180,"commentCount":0,"image":{"@id":"https:\/\/patrocinados.estadao.com.br\/deloitte-jornada-da-sustentabilidade\/2020\/02\/27\/visao-integrada-da-conformidade-atende-a-novas-exigencias-regulatorias-e-do-mercado\/#primaryimage"},"thumbnailUrl":"https:\/\/patrocinados.estadao.com.br\/deloitte-jornada-da-sustentabilidade\/wp-content\/uploads\/2021\/09\/home_triple.jpg","inLanguage":"pt-BR","potentialAction":[{"@type":"CommentAction","name":"Comment","target":["https:\/\/patrocinados.estadao.com.br\/deloitte-jornada-da-sustentabilidade\/2020\/02\/27\/visao-integrada-da-conformidade-atende-a-novas-exigencias-regulatorias-e-do-mercado\/#respond"]}]},{"@type":"WebPage","@id":"https:\/\/patrocinados.estadao.com.br\/deloitte-jornada-da-sustentabilidade\/2020\/02\/27\/visao-integrada-da-conformidade-atende-a-novas-exigencias-regulatorias-e-do-mercado\/","url":"https:\/\/patrocinados.estadao.com.br\/deloitte-jornada-da-sustentabilidade\/2020\/02\/27\/visao-integrada-da-conformidade-atende-a-novas-exigencias-regulatorias-e-do-mercado\/","name":"Vis\u00e3o integrada da conformidade atende a novas exig\u00eancias regulat\u00f3rias e do mercado - Jornada da Sustentabilidade, oferecido por Deloitte","isPartOf":{"@id":"https:\/\/patrocinados.estadao.com.br\/deloitte-jornada-da-sustentabilidade\/#website"},"primaryImageOfPage":{"@id":"https:\/\/patrocinados.estadao.com.br\/deloitte-jornada-da-sustentabilidade\/2020\/02\/27\/visao-integrada-da-conformidade-atende-a-novas-exigencias-regulatorias-e-do-mercado\/#primaryimage"},"image":{"@id":"https:\/\/patrocinados.estadao.com.br\/deloitte-jornada-da-sustentabilidade\/2020\/02\/27\/visao-integrada-da-conformidade-atende-a-novas-exigencias-regulatorias-e-do-mercado\/#primaryimage"},"thumbnailUrl":"https:\/\/patrocinados.estadao.com.br\/deloitte-jornada-da-sustentabilidade\/wp-content\/uploads\/2021\/09\/home_triple.jpg","datePublished":"2020-02-27T14:37:33+00:00","dateModified":"2021-09-20T14:24:49+00:00","author":{"@id":"https:\/\/patrocinados.estadao.com.br\/deloitte-jornada-da-sustentabilidade\/#\/schema\/person\/9be56940425d4f31e0c82015d0fd725f"},"breadcrumb":{"@id":"https:\/\/patrocinados.estadao.com.br\/deloitte-jornada-da-sustentabilidade\/2020\/02\/27\/visao-integrada-da-conformidade-atende-a-novas-exigencias-regulatorias-e-do-mercado\/#breadcrumb"},"inLanguage":"pt-BR","potentialAction":[{"@type":"ReadAction","target":["https:\/\/patrocinados.estadao.com.br\/deloitte-jornada-da-sustentabilidade\/2020\/02\/27\/visao-integrada-da-conformidade-atende-a-novas-exigencias-regulatorias-e-do-mercado\/"]}]},{"@type":"ImageObject","inLanguage":"pt-BR","@id":"https:\/\/patrocinados.estadao.com.br\/deloitte-jornada-da-sustentabilidade\/2020\/02\/27\/visao-integrada-da-conformidade-atende-a-novas-exigencias-regulatorias-e-do-mercado\/#primaryimage","url":"https:\/\/patrocinados.estadao.com.br\/deloitte-jornada-da-sustentabilidade\/wp-content\/uploads\/2021\/09\/home_triple.jpg","contentUrl":"https:\/\/patrocinados.estadao.com.br\/deloitte-jornada-da-sustentabilidade\/wp-content\/uploads\/2021\/09\/home_triple.jpg","width":760,"height":428},{"@type":"BreadcrumbList","@id":"https:\/\/patrocinados.estadao.com.br\/deloitte-jornada-da-sustentabilidade\/2020\/02\/27\/visao-integrada-da-conformidade-atende-a-novas-exigencias-regulatorias-e-do-mercado\/#breadcrumb","itemListElement":[{"@type":"ListItem","position":1,"name":"In\u00edcio","item":"https:\/\/patrocinados.estadao.com.br\/deloitte-jornada-da-sustentabilidade\/"},{"@type":"ListItem","position":2,"name":"Vis\u00e3o integrada da conformidade atende a novas exig\u00eancias regulat\u00f3rias e do mercado"}]},{"@type":"WebSite","@id":"https:\/\/patrocinados.estadao.com.br\/deloitte-jornada-da-sustentabilidade\/#website","url":"https:\/\/patrocinados.estadao.com.br\/deloitte-jornada-da-sustentabilidade\/","name":"Jornada da Sustentabilidade, oferecido por Deloitte","description":"Solu\u00e7\u00f5es de governan\u00e7a corporativa para seus desafios de neg\u00f3cios","potentialAction":[{"@type":"SearchAction","target":{"@type":"EntryPoint","urlTemplate":"https:\/\/patrocinados.estadao.com.br\/deloitte-jornada-da-sustentabilidade\/?s={search_term_string}"},"query-input":{"@type":"PropertyValueSpecification","valueRequired":true,"valueName":"search_term_string"}}],"inLanguage":"pt-BR"},{"@type":"Person","@id":"https:\/\/patrocinados.estadao.com.br\/deloitte-jornada-da-sustentabilidade\/#\/schema\/person\/9be56940425d4f31e0c82015d0fd725f","name":"Geosfera","image":{"@type":"ImageObject","inLanguage":"pt-BR","@id":"https:\/\/patrocinados.estadao.com.br\/deloitte-jornada-da-sustentabilidade\/#\/schema\/person\/image\/","url":"https:\/\/secure.gravatar.com\/avatar\/9d33d40efdce4963188a84bd4777a5f81f7c8e9cfcc15e6853c05f5cfee4c0ab?s=96&d=mm&r=g","contentUrl":"https:\/\/secure.gravatar.com\/avatar\/9d33d40efdce4963188a84bd4777a5f81f7c8e9cfcc15e6853c05f5cfee4c0ab?s=96&d=mm&r=g","caption":"Geosfera"},"sameAs":["http:\/\/geosfera.com.br"],"url":"https:\/\/patrocinados.estadao.com.br\/deloitte-jornada-da-sustentabilidade\/author\/geosfera_deloitte\/"}]}},"_links":{"self":[{"href":"https:\/\/patrocinados.estadao.com.br\/deloitte-jornada-da-sustentabilidade\/wp-json\/wp\/v2\/posts\/1404","targetHints":{"allow":["GET"]}}],"collection":[{"href":"https:\/\/patrocinados.estadao.com.br\/deloitte-jornada-da-sustentabilidade\/wp-json\/wp\/v2\/posts"}],"about":[{"href":"https:\/\/patrocinados.estadao.com.br\/deloitte-jornada-da-sustentabilidade\/wp-json\/wp\/v2\/types\/post"}],"author":[{"embeddable":true,"href":"https:\/\/patrocinados.estadao.com.br\/deloitte-jornada-da-sustentabilidade\/wp-json\/wp\/v2\/users\/2"}],"replies":[{"embeddable":true,"href":"https:\/\/patrocinados.estadao.com.br\/deloitte-jornada-da-sustentabilidade\/wp-json\/wp\/v2\/comments?post=1404"}],"version-history":[{"count":1,"href":"https:\/\/patrocinados.estadao.com.br\/deloitte-jornada-da-sustentabilidade\/wp-json\/wp\/v2\/posts\/1404\/revisions"}],"predecessor-version":[{"id":1867,"href":"https:\/\/patrocinados.estadao.com.br\/deloitte-jornada-da-sustentabilidade\/wp-json\/wp\/v2\/posts\/1404\/revisions\/1867"}],"wp:featuredmedia":[{"embeddable":true,"href":"https:\/\/patrocinados.estadao.com.br\/deloitte-jornada-da-sustentabilidade\/wp-json\/wp\/v2\/media\/1823"}],"wp:attachment":[{"href":"https:\/\/patrocinados.estadao.com.br\/deloitte-jornada-da-sustentabilidade\/wp-json\/wp\/v2\/media?parent=1404"}],"wp:term":[{"taxonomy":"category","embeddable":true,"href":"https:\/\/patrocinados.estadao.com.br\/deloitte-jornada-da-sustentabilidade\/wp-json\/wp\/v2\/categories?post=1404"},{"taxonomy":"post_tag","embeddable":true,"href":"https:\/\/patrocinados.estadao.com.br\/deloitte-jornada-da-sustentabilidade\/wp-json\/wp\/v2\/tags?post=1404"}],"curies":[{"name":"wp","href":"https:\/\/api.w.org\/{rel}","templated":true}]}}