{"id":139,"date":"2015-06-23T18:21:18","date_gmt":"2015-06-23T18:21:18","guid":{"rendered":"https:\/\/patrocinados.estadao.com.br\/deloitte-esg-esg\/?p=139"},"modified":"2021-09-20T12:56:09","modified_gmt":"2021-09-20T15:56:09","slug":"a-gestao-organizacional-do-ambiente-de-tecnologia-da-informacao","status":"publish","type":"post","link":"https:\/\/patrocinados.estadao.com.br\/deloitte-jornada-da-sustentabilidade\/2015\/06\/23\/a-gestao-organizacional-do-ambiente-de-tecnologia-da-informacao\/","title":{"rendered":"A gest\u00e3o organizacional do ambiente de Tecnologia da Informa\u00e7\u00e3o"},"content":{"rendered":"<p>O mundo digital \u00e9 uma realidade que domina cada vez mais o\u00a0ambiente empresarial e surpreende, todos os dias, com novas solu\u00e7\u00f5es e abordagens. Diante de tamanho impacto, destaca-se rapidamente, no meio corporativo, o papel da governan\u00e7a de Tecnologia da Informa\u00e7\u00e3o (TI).<\/p>\n<p>Claudio Soutto, s\u00f3cio da \u00e1rea de Consultoria da Deloitte e especialista em tecnologia, chama a aten\u00e7\u00e3o para o tema: \u201cHoje acompanhamos a evolu\u00e7\u00e3o nos mais diversos campos, com o surgimento de roupas inteligentes, drones, ve\u00edculos n\u00e3o tripulados, sensores m\u00f3veis captando informa\u00e7\u00f5es dos usu\u00e1rios de diversas formas e assim por diante\u201d. Ele explica que essa realidade representa, para as empresas, uma nova forma de envolver, capacitar e interagir com seus clientes, funcion\u00e1rios, governos e parceiros de neg\u00f3cios. \u201cMais de 70% das compras no varejo ser\u00e3o feitas no ambiente on-line em 2015. Essas novas tecnologias s\u00e3o adotadas de v\u00e1rias formas, e seus benef\u00edcios s\u00e3o cada vez mais expressivos\u201d, afirma.<\/p>\n<p>As an\u00e1lises preditivas s\u00e3o cada vez mais comuns nesse contexto digital e permitem que as empresas antecipem as tend\u00eancias de mercado, observando o comportamento e as necessidades de seus usu\u00e1rios. Estima-se que j\u00e1 existam mais de 4 bilh\u00f5es de sensores dispon\u00edveis captando informa\u00e7\u00f5es em tempo real.<\/p>\n<p><strong>Informa\u00e7\u00e3o como ativo<\/strong><\/p>\n<p>De acordo com Soutto, a informa\u00e7\u00e3o deve ser transformada em ativo pela empresa. \u201cA facilidade de obten\u00e7\u00e3o de sistemas e equipamentos (servidores) tem permitido aos usu\u00e1rios uma grande autonomia para captar e utilizar essas novas tecnologias. Analisando a situa\u00e7\u00e3o em uma grande empresa, essa facilidade traz maior flexibilidade e agilidade \u00e0s suas \u00e1reas de neg\u00f3cio, por\u00e9m, tamb\u00e9m alguns riscos\u201d, indica.<\/p>\n<p>Soutto define a governan\u00e7a de TI como fundamental \u00e0s organiza\u00e7\u00f5es para minimizar esses riscos e manter os padr\u00f5es, as integra\u00e7\u00f5es, os n\u00edveis de seguran\u00e7a e, principalmente, fornecer suporte \u00e0 defini\u00e7\u00e3o de prioridades. A cria\u00e7\u00e3o de um comit\u00ea de TI para avaliar, aprovar e priorizar iniciativas \u00e9 uma das formas encontradas para garantir uma comunica\u00e7\u00e3o mais eficiente entre as \u00e1reas de TI e as usu\u00e1rias dentro da empresa, minimizando, dessa forma, iniciativas isoladas.<\/p>\n<p>\u201cCada neg\u00f3cio tem suas caracter\u00edsticas e a governan\u00e7a de TI ter\u00e1 de se ajustar ao dinamismo requerido pelo neg\u00f3cio. Este ser\u00e1 um desafio que permitir\u00e1 aos gestores, principalmente ao Chief Information Officer (CIO), a maximiza\u00e7\u00e3o dos investimentos realizados, o aumento da produtividade e a redu\u00e7\u00e3o de custos, conduzindo a empresa a novos patamares tecnol\u00f3gicos\u201d, destaca.<\/p>\n<p><strong>Novos desafios para o CIO<\/strong><\/p>\n<p>Tantas mudan\u00e7as e desafios sugerem uma transforma\u00e7\u00e3o na postura do CIO, que ter\u00e1 de deixar de ter um papel visto como mais t\u00e9cnico para estar mais pr\u00f3ximo das iniciativas estrat\u00e9gicas. Estudo internacional recente da Deloitte revela que, atualmente, 55% do or\u00e7amento dos CIOs \u00e9 voltado a servi\u00e7os essenciais de TI, sendo apenas 22% atribu\u00eddos ao crescimento dos neg\u00f3cios.<\/p>\n<p>\u201cOs CIOs continuam a ver a entrega de resultados operacionais por meio de servi\u00e7os de TI como sua principal responsabilidade. Isso faz sentido, considerando seu papel na gest\u00e3o de sistemas-chave, mas sugere que os l\u00edderes de tecnologia poderiam fazer mais, ao aplicar a tecnologia a fim de impulsionar a expans\u00e3o dos neg\u00f3cios\u201d, ressalta o estudo.<\/p>\n<p>Confira em <a href=\"http:\/\/www.deloitte.com.br\" target=\"_blank\" rel=\"noopener\">www.deloitte.com.br<\/a> mais conte\u00fados sobre governan\u00e7a corporativa.<\/p>\n","protected":false},"excerpt":{"rendered":"<p>Em 2015, mais de 70% das compras no varejo ser\u00e3o feitas no ambiente digital, o que mostra a import\u00e2ncia do gerenciamento da tecnologia<\/p>\n","protected":false},"author":2,"featured_media":1726,"comment_status":"open","ping_status":"closed","sticky":false,"template":"","format":"standard","meta":{"_acf_changed":false,"footnotes":""},"categories":[1],"tags":[],"class_list":["post-139","post","type-post","status-publish","format-standard","has-post-thumbnail","hentry","category-sem-categoria"],"acf":[],"yoast_head":"<!-- This site is optimized with the Yoast SEO plugin v27.1.1 - https:\/\/yoast.com\/product\/yoast-seo-wordpress\/ -->\n<title>A gest\u00e3o organizacional do ambiente de Tecnologia da Informa\u00e7\u00e3o - Jornada da Sustentabilidade, oferecido por Deloitte<\/title>\n<meta name=\"robots\" content=\"index, follow, max-snippet:-1, max-image-preview:large, max-video-preview:-1\" \/>\n<link rel=\"canonical\" href=\"https:\/\/patrocinados.estadao.com.br\/deloitte-jornada-da-sustentabilidade\/2015\/06\/23\/a-gestao-organizacional-do-ambiente-de-tecnologia-da-informacao\/\" \/>\n<meta property=\"og:locale\" content=\"pt_BR\" \/>\n<meta property=\"og:type\" content=\"article\" \/>\n<meta property=\"og:title\" content=\"A gest\u00e3o organizacional do ambiente de Tecnologia da Informa\u00e7\u00e3o - Jornada da Sustentabilidade, oferecido por Deloitte\" \/>\n<meta property=\"og:description\" content=\"Em 2015, mais de 70% das compras no varejo ser\u00e3o feitas no ambiente digital, o que mostra a import\u00e2ncia do gerenciamento da tecnologia\" \/>\n<meta property=\"og:url\" content=\"https:\/\/patrocinados.estadao.com.br\/deloitte-jornada-da-sustentabilidade\/2015\/06\/23\/a-gestao-organizacional-do-ambiente-de-tecnologia-da-informacao\/\" \/>\n<meta property=\"og:site_name\" content=\"Jornada da Sustentabilidade, oferecido por Deloitte\" \/>\n<meta property=\"article:published_time\" content=\"2015-06-23T18:21:18+00:00\" \/>\n<meta property=\"article:modified_time\" content=\"2021-09-20T15:56:09+00:00\" \/>\n<meta property=\"og:image\" content=\"https:\/\/patrocinados.estadao.com.br\/deloitte-jornada-da-sustentabilidade\/wp-content\/uploads\/2021\/09\/18_entrega_932.jpg\" \/>\n\t<meta property=\"og:image:width\" content=\"932\" \/>\n\t<meta property=\"og:image:height\" content=\"524\" \/>\n\t<meta property=\"og:image:type\" content=\"image\/jpeg\" \/>\n<meta name=\"author\" content=\"Geosfera\" \/>\n<meta name=\"twitter:card\" content=\"summary_large_image\" \/>\n<meta name=\"twitter:label1\" content=\"Escrito por\" \/>\n\t<meta name=\"twitter:data1\" content=\"Geosfera\" \/>\n\t<meta name=\"twitter:label2\" content=\"Est. tempo de leitura\" \/>\n\t<meta name=\"twitter:data2\" content=\"3 minutos\" \/>\n<script type=\"application\/ld+json\" class=\"yoast-schema-graph\">{\"@context\":\"https:\/\/schema.org\",\"@graph\":[{\"@type\":\"Article\",\"@id\":\"https:\/\/patrocinados.estadao.com.br\/deloitte-jornada-da-sustentabilidade\/2015\/06\/23\/a-gestao-organizacional-do-ambiente-de-tecnologia-da-informacao\/#article\",\"isPartOf\":{\"@id\":\"https:\/\/patrocinados.estadao.com.br\/deloitte-jornada-da-sustentabilidade\/2015\/06\/23\/a-gestao-organizacional-do-ambiente-de-tecnologia-da-informacao\/\"},\"author\":{\"name\":\"Geosfera\",\"@id\":\"https:\/\/patrocinados.estadao.com.br\/deloitte-jornada-da-sustentabilidade\/#\/schema\/person\/9be56940425d4f31e0c82015d0fd725f\"},\"headline\":\"A gest\u00e3o organizacional do ambiente de Tecnologia da Informa\u00e7\u00e3o\",\"datePublished\":\"2015-06-23T18:21:18+00:00\",\"dateModified\":\"2021-09-20T15:56:09+00:00\",\"mainEntityOfPage\":{\"@id\":\"https:\/\/patrocinados.estadao.com.br\/deloitte-jornada-da-sustentabilidade\/2015\/06\/23\/a-gestao-organizacional-do-ambiente-de-tecnologia-da-informacao\/\"},\"wordCount\":582,\"commentCount\":0,\"image\":{\"@id\":\"https:\/\/patrocinados.estadao.com.br\/deloitte-jornada-da-sustentabilidade\/2015\/06\/23\/a-gestao-organizacional-do-ambiente-de-tecnologia-da-informacao\/#primaryimage\"},\"thumbnailUrl\":\"https:\/\/patrocinados.estadao.com.br\/deloitte-jornada-da-sustentabilidade\/wp-content\/uploads\/2021\/09\/18_entrega_932.jpg\",\"inLanguage\":\"pt-BR\",\"potentialAction\":[{\"@type\":\"CommentAction\",\"name\":\"Comment\",\"target\":[\"https:\/\/patrocinados.estadao.com.br\/deloitte-jornada-da-sustentabilidade\/2015\/06\/23\/a-gestao-organizacional-do-ambiente-de-tecnologia-da-informacao\/#respond\"]}]},{\"@type\":\"WebPage\",\"@id\":\"https:\/\/patrocinados.estadao.com.br\/deloitte-jornada-da-sustentabilidade\/2015\/06\/23\/a-gestao-organizacional-do-ambiente-de-tecnologia-da-informacao\/\",\"url\":\"https:\/\/patrocinados.estadao.com.br\/deloitte-jornada-da-sustentabilidade\/2015\/06\/23\/a-gestao-organizacional-do-ambiente-de-tecnologia-da-informacao\/\",\"name\":\"A gest\u00e3o organizacional do ambiente de Tecnologia da Informa\u00e7\u00e3o - Jornada da Sustentabilidade, oferecido por Deloitte\",\"isPartOf\":{\"@id\":\"https:\/\/patrocinados.estadao.com.br\/deloitte-jornada-da-sustentabilidade\/#website\"},\"primaryImageOfPage\":{\"@id\":\"https:\/\/patrocinados.estadao.com.br\/deloitte-jornada-da-sustentabilidade\/2015\/06\/23\/a-gestao-organizacional-do-ambiente-de-tecnologia-da-informacao\/#primaryimage\"},\"image\":{\"@id\":\"https:\/\/patrocinados.estadao.com.br\/deloitte-jornada-da-sustentabilidade\/2015\/06\/23\/a-gestao-organizacional-do-ambiente-de-tecnologia-da-informacao\/#primaryimage\"},\"thumbnailUrl\":\"https:\/\/patrocinados.estadao.com.br\/deloitte-jornada-da-sustentabilidade\/wp-content\/uploads\/2021\/09\/18_entrega_932.jpg\",\"datePublished\":\"2015-06-23T18:21:18+00:00\",\"dateModified\":\"2021-09-20T15:56:09+00:00\",\"author\":{\"@id\":\"https:\/\/patrocinados.estadao.com.br\/deloitte-jornada-da-sustentabilidade\/#\/schema\/person\/9be56940425d4f31e0c82015d0fd725f\"},\"breadcrumb\":{\"@id\":\"https:\/\/patrocinados.estadao.com.br\/deloitte-jornada-da-sustentabilidade\/2015\/06\/23\/a-gestao-organizacional-do-ambiente-de-tecnologia-da-informacao\/#breadcrumb\"},\"inLanguage\":\"pt-BR\",\"potentialAction\":[{\"@type\":\"ReadAction\",\"target\":[\"https:\/\/patrocinados.estadao.com.br\/deloitte-jornada-da-sustentabilidade\/2015\/06\/23\/a-gestao-organizacional-do-ambiente-de-tecnologia-da-informacao\/\"]}]},{\"@type\":\"ImageObject\",\"inLanguage\":\"pt-BR\",\"@id\":\"https:\/\/patrocinados.estadao.com.br\/deloitte-jornada-da-sustentabilidade\/2015\/06\/23\/a-gestao-organizacional-do-ambiente-de-tecnologia-da-informacao\/#primaryimage\",\"url\":\"https:\/\/patrocinados.estadao.com.br\/deloitte-jornada-da-sustentabilidade\/wp-content\/uploads\/2021\/09\/18_entrega_932.jpg\",\"contentUrl\":\"https:\/\/patrocinados.estadao.com.br\/deloitte-jornada-da-sustentabilidade\/wp-content\/uploads\/2021\/09\/18_entrega_932.jpg\",\"width\":932,\"height\":524},{\"@type\":\"BreadcrumbList\",\"@id\":\"https:\/\/patrocinados.estadao.com.br\/deloitte-jornada-da-sustentabilidade\/2015\/06\/23\/a-gestao-organizacional-do-ambiente-de-tecnologia-da-informacao\/#breadcrumb\",\"itemListElement\":[{\"@type\":\"ListItem\",\"position\":1,\"name\":\"In\u00edcio\",\"item\":\"https:\/\/patrocinados.estadao.com.br\/deloitte-jornada-da-sustentabilidade\/\"},{\"@type\":\"ListItem\",\"position\":2,\"name\":\"A gest\u00e3o organizacional do ambiente de Tecnologia da Informa\u00e7\u00e3o\"}]},{\"@type\":\"WebSite\",\"@id\":\"https:\/\/patrocinados.estadao.com.br\/deloitte-jornada-da-sustentabilidade\/#website\",\"url\":\"https:\/\/patrocinados.estadao.com.br\/deloitte-jornada-da-sustentabilidade\/\",\"name\":\"Jornada da Sustentabilidade, oferecido por Deloitte\",\"description\":\"Solu\u00e7\u00f5es de governan\u00e7a corporativa para seus desafios de neg\u00f3cios\",\"potentialAction\":[{\"@type\":\"SearchAction\",\"target\":{\"@type\":\"EntryPoint\",\"urlTemplate\":\"https:\/\/patrocinados.estadao.com.br\/deloitte-jornada-da-sustentabilidade\/?s={search_term_string}\"},\"query-input\":{\"@type\":\"PropertyValueSpecification\",\"valueRequired\":true,\"valueName\":\"search_term_string\"}}],\"inLanguage\":\"pt-BR\"},{\"@type\":\"Person\",\"@id\":\"https:\/\/patrocinados.estadao.com.br\/deloitte-jornada-da-sustentabilidade\/#\/schema\/person\/9be56940425d4f31e0c82015d0fd725f\",\"name\":\"Geosfera\",\"image\":{\"@type\":\"ImageObject\",\"inLanguage\":\"pt-BR\",\"@id\":\"https:\/\/patrocinados.estadao.com.br\/deloitte-jornada-da-sustentabilidade\/#\/schema\/person\/image\/\",\"url\":\"https:\/\/secure.gravatar.com\/avatar\/9d33d40efdce4963188a84bd4777a5f81f7c8e9cfcc15e6853c05f5cfee4c0ab?s=96&d=mm&r=g\",\"contentUrl\":\"https:\/\/secure.gravatar.com\/avatar\/9d33d40efdce4963188a84bd4777a5f81f7c8e9cfcc15e6853c05f5cfee4c0ab?s=96&d=mm&r=g\",\"caption\":\"Geosfera\"},\"sameAs\":[\"http:\/\/geosfera.com.br\"],\"url\":\"https:\/\/patrocinados.estadao.com.br\/deloitte-jornada-da-sustentabilidade\/author\/geosfera_deloitte\/\"}]}<\/script>\n<!-- \/ Yoast SEO plugin. -->","yoast_head_json":{"title":"A gest\u00e3o organizacional do ambiente de Tecnologia da Informa\u00e7\u00e3o - Jornada da Sustentabilidade, oferecido por Deloitte","robots":{"index":"index","follow":"follow","max-snippet":"max-snippet:-1","max-image-preview":"max-image-preview:large","max-video-preview":"max-video-preview:-1"},"canonical":"https:\/\/patrocinados.estadao.com.br\/deloitte-jornada-da-sustentabilidade\/2015\/06\/23\/a-gestao-organizacional-do-ambiente-de-tecnologia-da-informacao\/","og_locale":"pt_BR","og_type":"article","og_title":"A gest\u00e3o organizacional do ambiente de Tecnologia da Informa\u00e7\u00e3o - Jornada da Sustentabilidade, oferecido por Deloitte","og_description":"Em 2015, mais de 70% das compras no varejo ser\u00e3o feitas no ambiente digital, o que mostra a import\u00e2ncia do gerenciamento da tecnologia","og_url":"https:\/\/patrocinados.estadao.com.br\/deloitte-jornada-da-sustentabilidade\/2015\/06\/23\/a-gestao-organizacional-do-ambiente-de-tecnologia-da-informacao\/","og_site_name":"Jornada da Sustentabilidade, oferecido por Deloitte","article_published_time":"2015-06-23T18:21:18+00:00","article_modified_time":"2021-09-20T15:56:09+00:00","og_image":[{"width":932,"height":524,"url":"https:\/\/patrocinados.estadao.com.br\/deloitte-jornada-da-sustentabilidade\/wp-content\/uploads\/2021\/09\/18_entrega_932.jpg","type":"image\/jpeg"}],"author":"Geosfera","twitter_card":"summary_large_image","twitter_misc":{"Escrito por":"Geosfera","Est. tempo de leitura":"3 minutos"},"schema":{"@context":"https:\/\/schema.org","@graph":[{"@type":"Article","@id":"https:\/\/patrocinados.estadao.com.br\/deloitte-jornada-da-sustentabilidade\/2015\/06\/23\/a-gestao-organizacional-do-ambiente-de-tecnologia-da-informacao\/#article","isPartOf":{"@id":"https:\/\/patrocinados.estadao.com.br\/deloitte-jornada-da-sustentabilidade\/2015\/06\/23\/a-gestao-organizacional-do-ambiente-de-tecnologia-da-informacao\/"},"author":{"name":"Geosfera","@id":"https:\/\/patrocinados.estadao.com.br\/deloitte-jornada-da-sustentabilidade\/#\/schema\/person\/9be56940425d4f31e0c82015d0fd725f"},"headline":"A gest\u00e3o organizacional do ambiente de Tecnologia da Informa\u00e7\u00e3o","datePublished":"2015-06-23T18:21:18+00:00","dateModified":"2021-09-20T15:56:09+00:00","mainEntityOfPage":{"@id":"https:\/\/patrocinados.estadao.com.br\/deloitte-jornada-da-sustentabilidade\/2015\/06\/23\/a-gestao-organizacional-do-ambiente-de-tecnologia-da-informacao\/"},"wordCount":582,"commentCount":0,"image":{"@id":"https:\/\/patrocinados.estadao.com.br\/deloitte-jornada-da-sustentabilidade\/2015\/06\/23\/a-gestao-organizacional-do-ambiente-de-tecnologia-da-informacao\/#primaryimage"},"thumbnailUrl":"https:\/\/patrocinados.estadao.com.br\/deloitte-jornada-da-sustentabilidade\/wp-content\/uploads\/2021\/09\/18_entrega_932.jpg","inLanguage":"pt-BR","potentialAction":[{"@type":"CommentAction","name":"Comment","target":["https:\/\/patrocinados.estadao.com.br\/deloitte-jornada-da-sustentabilidade\/2015\/06\/23\/a-gestao-organizacional-do-ambiente-de-tecnologia-da-informacao\/#respond"]}]},{"@type":"WebPage","@id":"https:\/\/patrocinados.estadao.com.br\/deloitte-jornada-da-sustentabilidade\/2015\/06\/23\/a-gestao-organizacional-do-ambiente-de-tecnologia-da-informacao\/","url":"https:\/\/patrocinados.estadao.com.br\/deloitte-jornada-da-sustentabilidade\/2015\/06\/23\/a-gestao-organizacional-do-ambiente-de-tecnologia-da-informacao\/","name":"A gest\u00e3o organizacional do ambiente de Tecnologia da Informa\u00e7\u00e3o - Jornada da Sustentabilidade, oferecido por Deloitte","isPartOf":{"@id":"https:\/\/patrocinados.estadao.com.br\/deloitte-jornada-da-sustentabilidade\/#website"},"primaryImageOfPage":{"@id":"https:\/\/patrocinados.estadao.com.br\/deloitte-jornada-da-sustentabilidade\/2015\/06\/23\/a-gestao-organizacional-do-ambiente-de-tecnologia-da-informacao\/#primaryimage"},"image":{"@id":"https:\/\/patrocinados.estadao.com.br\/deloitte-jornada-da-sustentabilidade\/2015\/06\/23\/a-gestao-organizacional-do-ambiente-de-tecnologia-da-informacao\/#primaryimage"},"thumbnailUrl":"https:\/\/patrocinados.estadao.com.br\/deloitte-jornada-da-sustentabilidade\/wp-content\/uploads\/2021\/09\/18_entrega_932.jpg","datePublished":"2015-06-23T18:21:18+00:00","dateModified":"2021-09-20T15:56:09+00:00","author":{"@id":"https:\/\/patrocinados.estadao.com.br\/deloitte-jornada-da-sustentabilidade\/#\/schema\/person\/9be56940425d4f31e0c82015d0fd725f"},"breadcrumb":{"@id":"https:\/\/patrocinados.estadao.com.br\/deloitte-jornada-da-sustentabilidade\/2015\/06\/23\/a-gestao-organizacional-do-ambiente-de-tecnologia-da-informacao\/#breadcrumb"},"inLanguage":"pt-BR","potentialAction":[{"@type":"ReadAction","target":["https:\/\/patrocinados.estadao.com.br\/deloitte-jornada-da-sustentabilidade\/2015\/06\/23\/a-gestao-organizacional-do-ambiente-de-tecnologia-da-informacao\/"]}]},{"@type":"ImageObject","inLanguage":"pt-BR","@id":"https:\/\/patrocinados.estadao.com.br\/deloitte-jornada-da-sustentabilidade\/2015\/06\/23\/a-gestao-organizacional-do-ambiente-de-tecnologia-da-informacao\/#primaryimage","url":"https:\/\/patrocinados.estadao.com.br\/deloitte-jornada-da-sustentabilidade\/wp-content\/uploads\/2021\/09\/18_entrega_932.jpg","contentUrl":"https:\/\/patrocinados.estadao.com.br\/deloitte-jornada-da-sustentabilidade\/wp-content\/uploads\/2021\/09\/18_entrega_932.jpg","width":932,"height":524},{"@type":"BreadcrumbList","@id":"https:\/\/patrocinados.estadao.com.br\/deloitte-jornada-da-sustentabilidade\/2015\/06\/23\/a-gestao-organizacional-do-ambiente-de-tecnologia-da-informacao\/#breadcrumb","itemListElement":[{"@type":"ListItem","position":1,"name":"In\u00edcio","item":"https:\/\/patrocinados.estadao.com.br\/deloitte-jornada-da-sustentabilidade\/"},{"@type":"ListItem","position":2,"name":"A gest\u00e3o organizacional do ambiente de Tecnologia da Informa\u00e7\u00e3o"}]},{"@type":"WebSite","@id":"https:\/\/patrocinados.estadao.com.br\/deloitte-jornada-da-sustentabilidade\/#website","url":"https:\/\/patrocinados.estadao.com.br\/deloitte-jornada-da-sustentabilidade\/","name":"Jornada da Sustentabilidade, oferecido por Deloitte","description":"Solu\u00e7\u00f5es de governan\u00e7a corporativa para seus desafios de neg\u00f3cios","potentialAction":[{"@type":"SearchAction","target":{"@type":"EntryPoint","urlTemplate":"https:\/\/patrocinados.estadao.com.br\/deloitte-jornada-da-sustentabilidade\/?s={search_term_string}"},"query-input":{"@type":"PropertyValueSpecification","valueRequired":true,"valueName":"search_term_string"}}],"inLanguage":"pt-BR"},{"@type":"Person","@id":"https:\/\/patrocinados.estadao.com.br\/deloitte-jornada-da-sustentabilidade\/#\/schema\/person\/9be56940425d4f31e0c82015d0fd725f","name":"Geosfera","image":{"@type":"ImageObject","inLanguage":"pt-BR","@id":"https:\/\/patrocinados.estadao.com.br\/deloitte-jornada-da-sustentabilidade\/#\/schema\/person\/image\/","url":"https:\/\/secure.gravatar.com\/avatar\/9d33d40efdce4963188a84bd4777a5f81f7c8e9cfcc15e6853c05f5cfee4c0ab?s=96&d=mm&r=g","contentUrl":"https:\/\/secure.gravatar.com\/avatar\/9d33d40efdce4963188a84bd4777a5f81f7c8e9cfcc15e6853c05f5cfee4c0ab?s=96&d=mm&r=g","caption":"Geosfera"},"sameAs":["http:\/\/geosfera.com.br"],"url":"https:\/\/patrocinados.estadao.com.br\/deloitte-jornada-da-sustentabilidade\/author\/geosfera_deloitte\/"}]}},"_links":{"self":[{"href":"https:\/\/patrocinados.estadao.com.br\/deloitte-jornada-da-sustentabilidade\/wp-json\/wp\/v2\/posts\/139","targetHints":{"allow":["GET"]}}],"collection":[{"href":"https:\/\/patrocinados.estadao.com.br\/deloitte-jornada-da-sustentabilidade\/wp-json\/wp\/v2\/posts"}],"about":[{"href":"https:\/\/patrocinados.estadao.com.br\/deloitte-jornada-da-sustentabilidade\/wp-json\/wp\/v2\/types\/post"}],"author":[{"embeddable":true,"href":"https:\/\/patrocinados.estadao.com.br\/deloitte-jornada-da-sustentabilidade\/wp-json\/wp\/v2\/users\/2"}],"replies":[{"embeddable":true,"href":"https:\/\/patrocinados.estadao.com.br\/deloitte-jornada-da-sustentabilidade\/wp-json\/wp\/v2\/comments?post=139"}],"version-history":[{"count":1,"href":"https:\/\/patrocinados.estadao.com.br\/deloitte-jornada-da-sustentabilidade\/wp-json\/wp\/v2\/posts\/139\/revisions"}],"predecessor-version":[{"id":1981,"href":"https:\/\/patrocinados.estadao.com.br\/deloitte-jornada-da-sustentabilidade\/wp-json\/wp\/v2\/posts\/139\/revisions\/1981"}],"wp:featuredmedia":[{"embeddable":true,"href":"https:\/\/patrocinados.estadao.com.br\/deloitte-jornada-da-sustentabilidade\/wp-json\/wp\/v2\/media\/1726"}],"wp:attachment":[{"href":"https:\/\/patrocinados.estadao.com.br\/deloitte-jornada-da-sustentabilidade\/wp-json\/wp\/v2\/media?parent=139"}],"wp:term":[{"taxonomy":"category","embeddable":true,"href":"https:\/\/patrocinados.estadao.com.br\/deloitte-jornada-da-sustentabilidade\/wp-json\/wp\/v2\/categories?post=139"},{"taxonomy":"post_tag","embeddable":true,"href":"https:\/\/patrocinados.estadao.com.br\/deloitte-jornada-da-sustentabilidade\/wp-json\/wp\/v2\/tags?post=139"}],"curies":[{"name":"wp","href":"https:\/\/api.w.org\/{rel}","templated":true}]}}