{"id":116,"date":"2015-03-17T17:13:19","date_gmt":"2015-03-17T17:13:19","guid":{"rendered":"https:\/\/patrocinados.estadao.com.br\/deloitte-esg-esg\/?p=116"},"modified":"2021-09-20T12:59:17","modified_gmt":"2021-09-20T15:59:17","slug":"a-estrutura-de-controles-internos-e-o-novo-coso","status":"publish","type":"post","link":"https:\/\/patrocinados.estadao.com.br\/deloitte-jornada-da-sustentabilidade\/2015\/03\/17\/a-estrutura-de-controles-internos-e-o-novo-coso\/","title":{"rendered":"A estrutura de controles internos e o novo \u201cCOSO\u201d"},"content":{"rendered":"<p>As melhores pr\u00e1ticas de governan\u00e7a corporativa refor\u00e7am a import\u00e2ncia das companhias saberem proteger, de forma eficaz, o valor que geram. \u201cCostumamos utilizar uma compara\u00e7\u00e3o: os carros mais r\u00e1pidos possuem os melhores sistemas de freios\u201d, destaca Marcos Tabacow, consultor da \u00e1rea de Consultoria em Gest\u00e3o de Riscos da Deloitte. Nesse contexto, os controles internos ganham maior amplitude e for\u00e7a dentro das organiza\u00e7\u00f5es, na medida em que elas crescem, sofisticam seus neg\u00f3cios e aumentam sua exposi\u00e7\u00e3o aos riscos.<\/p>\n<p>No mundo, os \u00f3rg\u00e3os e ag\u00eancias reguladoras avaliam se as empresas possuem sistemas de controles internos reconhecidos e robustos. O modelo do \u201cCOSO\u201d, sigla para \u201cThe Committee of Sponsoring Organizations\u201d (entidade dedicada ao aprimoramento dos relat\u00f3rios financeiros), \u00e9 um deles. O comit\u00ea criado para promulgar pr\u00e1ticas de gest\u00e3o de risco acabou virando refer\u00eancia mundial para o tema. \u201cPode-se dizer que o COSO re\u00fane as melhores pr\u00e1ticas de gest\u00e3o de riscos, governan\u00e7a e controles internos e pode ser utilizado como modelo pelas organiza\u00e7\u00f5es para identificar o n\u00edvel de maturidade, a abrang\u00eancia e a qualidade da estrutura de controles internos\u201d, esclarece Alex Borges, s\u00f3cio da \u00e1rea de Consultoria em Gest\u00e3o de Riscos da Deloitte.<\/p>\n<p><strong>Cinco principais componentes do sistema de controles internos<\/strong><br \/>\n<strong>1.<\/strong> Ambiente de controles internos<br \/>\n<strong>2.<\/strong> Avalia\u00e7\u00e3o de riscos<br \/>\n<strong>3.<\/strong> Atividade de controle<br \/>\n<strong>4.<\/strong> Informa\u00e7\u00e3o e comunica\u00e7\u00e3o<br \/>\n<strong>5.<\/strong> Atividades de monitoramento<\/p>\n<p><strong>Aten\u00e7\u00e3o \u00e0s mudan\u00e7as<\/strong><br \/>\nO novo COSO foi comunicado ao mercado em maio de 2013 e entrou em vigor ao final de 2014. \u201cNos outros pa\u00edses, as empresas est\u00e3o avan\u00e7adas na adequa\u00e7\u00e3o. No Brasil, as organiza\u00e7\u00f5es t\u00eam buscado compreender e se estruturar \u00e0 nova vers\u00e3o\u201d, explica Tabacow. O consultor esclarece que o COSO atualizou o modelo, mas n\u00e3o mudou o formato original. \u201cFoi reorganizado de forma mais clara: seu conte\u00fado foi dividido em 17 princ\u00edpios, com cerca de 90 pontos focais, que ajudam a responder perguntas comuns na implanta\u00e7\u00e3o e avalia\u00e7\u00e3o do sistema de controles internos\u201d, pondera.<\/p>\n<p><strong>Os desafios brasileiros<\/strong><br \/>\nV\u00e1rias empresas que operam no Brasil j\u00e1 est\u00e3o trilhando os caminhos e desafios sobre o tema, com destaque para:<br \/>\n<strong>Melhorias na avalia\u00e7\u00e3o de riscos &#8211;<\/strong> Avalia\u00e7\u00f5es de riscos s\u00e3o muitas vezes realizadas isoladamente nas empresas. O novo COSO prov\u00ea discuss\u00f5es detalhadas sobre conceitos de avalia\u00e7\u00f5es de riscos.<br \/>\n<strong>Tecnologia da Informa\u00e7\u00e3o (TI) &#8211;<\/strong> Organiza\u00e7\u00f5es com m\u00faltiplas linhas de neg\u00f3cio, frequentemente, operam com sistemas de TI fragmentados. O novo COSO inclui considera\u00e7\u00f5es adicionais em rela\u00e7\u00e3o ao tema e prov\u00ea observa\u00e7\u00f5es para assegurar a qualidade da informa\u00e7\u00e3o.<br \/>\n<strong>Avalia\u00e7\u00e3o de riscos de fraude &#8211;<\/strong> O novo framework explicitamente inclui a obriga\u00e7\u00e3o de considerar o potencial de fraude na avalia\u00e7\u00e3o de riscos.<br \/>\n<strong>Prestadores de servi\u00e7os terceirizados &#8211;<\/strong> \u00c0 medida que as organiza\u00e7\u00f5es depositam cada vez mais depend\u00eancia em prestadores de servi\u00e7os terceirizados, maior aten\u00e7\u00e3o e supervis\u00e3o na avalia\u00e7\u00e3o de riscos de tais terceiros s\u00e3o necess\u00e1rios para gerenciar estes riscos, que aparece como um item a ser monitorado no novo COSO.<\/p>\n<p>Confira em <a href=\"http:\/\/www.deloitte.com.br\" target=\"_blank\" rel=\"noopener\">www.deloitte.com.br<\/a> mais conte\u00fados sobre governan\u00e7a corporativa.<\/p>\n","protected":false},"excerpt":{"rendered":"<p>Entenda a import\u00e2ncia de as companhias adotarem boas pr\u00e1ticas de gest\u00e3o de risco<\/p>\n","protected":false},"author":2,"featured_media":1719,"comment_status":"open","ping_status":"closed","sticky":false,"template":"","format":"standard","meta":{"_acf_changed":false,"footnotes":""},"categories":[1],"tags":[],"class_list":["post-116","post","type-post","status-publish","format-standard","has-post-thumbnail","hentry","category-sem-categoria"],"acf":[],"yoast_head":"<!-- This site is optimized with the Yoast SEO plugin v27.1.1 - https:\/\/yoast.com\/product\/yoast-seo-wordpress\/ -->\n<title>A estrutura de controles internos e o novo \u201cCOSO\u201d - Jornada da Sustentabilidade, oferecido por Deloitte<\/title>\n<meta name=\"robots\" content=\"index, follow, max-snippet:-1, max-image-preview:large, max-video-preview:-1\" \/>\n<link rel=\"canonical\" href=\"https:\/\/patrocinados.estadao.com.br\/deloitte-jornada-da-sustentabilidade\/2015\/03\/17\/a-estrutura-de-controles-internos-e-o-novo-coso\/\" \/>\n<meta property=\"og:locale\" content=\"pt_BR\" \/>\n<meta property=\"og:type\" content=\"article\" \/>\n<meta property=\"og:title\" content=\"A estrutura de controles internos e o novo \u201cCOSO\u201d - Jornada da Sustentabilidade, oferecido por Deloitte\" \/>\n<meta property=\"og:description\" content=\"Entenda a import\u00e2ncia de as companhias adotarem boas pr\u00e1ticas de gest\u00e3o de risco\" \/>\n<meta property=\"og:url\" content=\"https:\/\/patrocinados.estadao.com.br\/deloitte-jornada-da-sustentabilidade\/2015\/03\/17\/a-estrutura-de-controles-internos-e-o-novo-coso\/\" \/>\n<meta property=\"og:site_name\" content=\"Jornada da Sustentabilidade, oferecido por Deloitte\" \/>\n<meta property=\"article:published_time\" content=\"2015-03-17T17:13:19+00:00\" \/>\n<meta property=\"article:modified_time\" content=\"2021-09-20T15:59:17+00:00\" \/>\n<meta property=\"og:image\" content=\"https:\/\/patrocinados.estadao.com.br\/deloitte-jornada-da-sustentabilidade\/wp-content\/uploads\/2021\/09\/11_entrega_932.jpg\" \/>\n\t<meta property=\"og:image:width\" content=\"932\" \/>\n\t<meta property=\"og:image:height\" content=\"524\" \/>\n\t<meta property=\"og:image:type\" content=\"image\/jpeg\" \/>\n<meta name=\"author\" content=\"Geosfera\" \/>\n<meta name=\"twitter:card\" content=\"summary_large_image\" \/>\n<meta name=\"twitter:label1\" content=\"Escrito por\" \/>\n\t<meta name=\"twitter:data1\" content=\"Geosfera\" \/>\n\t<meta name=\"twitter:label2\" content=\"Est. tempo de leitura\" \/>\n\t<meta name=\"twitter:data2\" content=\"3 minutos\" \/>\n<script type=\"application\/ld+json\" class=\"yoast-schema-graph\">{\"@context\":\"https:\/\/schema.org\",\"@graph\":[{\"@type\":\"Article\",\"@id\":\"https:\/\/patrocinados.estadao.com.br\/deloitte-jornada-da-sustentabilidade\/2015\/03\/17\/a-estrutura-de-controles-internos-e-o-novo-coso\/#article\",\"isPartOf\":{\"@id\":\"https:\/\/patrocinados.estadao.com.br\/deloitte-jornada-da-sustentabilidade\/2015\/03\/17\/a-estrutura-de-controles-internos-e-o-novo-coso\/\"},\"author\":{\"name\":\"Geosfera\",\"@id\":\"https:\/\/patrocinados.estadao.com.br\/deloitte-jornada-da-sustentabilidade\/#\/schema\/person\/9be56940425d4f31e0c82015d0fd725f\"},\"headline\":\"A estrutura de controles internos e o novo \u201cCOSO\u201d\",\"datePublished\":\"2015-03-17T17:13:19+00:00\",\"dateModified\":\"2021-09-20T15:59:17+00:00\",\"mainEntityOfPage\":{\"@id\":\"https:\/\/patrocinados.estadao.com.br\/deloitte-jornada-da-sustentabilidade\/2015\/03\/17\/a-estrutura-de-controles-internos-e-o-novo-coso\/\"},\"wordCount\":551,\"commentCount\":0,\"image\":{\"@id\":\"https:\/\/patrocinados.estadao.com.br\/deloitte-jornada-da-sustentabilidade\/2015\/03\/17\/a-estrutura-de-controles-internos-e-o-novo-coso\/#primaryimage\"},\"thumbnailUrl\":\"https:\/\/patrocinados.estadao.com.br\/deloitte-jornada-da-sustentabilidade\/wp-content\/uploads\/2021\/09\/11_entrega_932.jpg\",\"inLanguage\":\"pt-BR\",\"potentialAction\":[{\"@type\":\"CommentAction\",\"name\":\"Comment\",\"target\":[\"https:\/\/patrocinados.estadao.com.br\/deloitte-jornada-da-sustentabilidade\/2015\/03\/17\/a-estrutura-de-controles-internos-e-o-novo-coso\/#respond\"]}]},{\"@type\":\"WebPage\",\"@id\":\"https:\/\/patrocinados.estadao.com.br\/deloitte-jornada-da-sustentabilidade\/2015\/03\/17\/a-estrutura-de-controles-internos-e-o-novo-coso\/\",\"url\":\"https:\/\/patrocinados.estadao.com.br\/deloitte-jornada-da-sustentabilidade\/2015\/03\/17\/a-estrutura-de-controles-internos-e-o-novo-coso\/\",\"name\":\"A estrutura de controles internos e o novo \u201cCOSO\u201d - Jornada da Sustentabilidade, oferecido por Deloitte\",\"isPartOf\":{\"@id\":\"https:\/\/patrocinados.estadao.com.br\/deloitte-jornada-da-sustentabilidade\/#website\"},\"primaryImageOfPage\":{\"@id\":\"https:\/\/patrocinados.estadao.com.br\/deloitte-jornada-da-sustentabilidade\/2015\/03\/17\/a-estrutura-de-controles-internos-e-o-novo-coso\/#primaryimage\"},\"image\":{\"@id\":\"https:\/\/patrocinados.estadao.com.br\/deloitte-jornada-da-sustentabilidade\/2015\/03\/17\/a-estrutura-de-controles-internos-e-o-novo-coso\/#primaryimage\"},\"thumbnailUrl\":\"https:\/\/patrocinados.estadao.com.br\/deloitte-jornada-da-sustentabilidade\/wp-content\/uploads\/2021\/09\/11_entrega_932.jpg\",\"datePublished\":\"2015-03-17T17:13:19+00:00\",\"dateModified\":\"2021-09-20T15:59:17+00:00\",\"author\":{\"@id\":\"https:\/\/patrocinados.estadao.com.br\/deloitte-jornada-da-sustentabilidade\/#\/schema\/person\/9be56940425d4f31e0c82015d0fd725f\"},\"breadcrumb\":{\"@id\":\"https:\/\/patrocinados.estadao.com.br\/deloitte-jornada-da-sustentabilidade\/2015\/03\/17\/a-estrutura-de-controles-internos-e-o-novo-coso\/#breadcrumb\"},\"inLanguage\":\"pt-BR\",\"potentialAction\":[{\"@type\":\"ReadAction\",\"target\":[\"https:\/\/patrocinados.estadao.com.br\/deloitte-jornada-da-sustentabilidade\/2015\/03\/17\/a-estrutura-de-controles-internos-e-o-novo-coso\/\"]}]},{\"@type\":\"ImageObject\",\"inLanguage\":\"pt-BR\",\"@id\":\"https:\/\/patrocinados.estadao.com.br\/deloitte-jornada-da-sustentabilidade\/2015\/03\/17\/a-estrutura-de-controles-internos-e-o-novo-coso\/#primaryimage\",\"url\":\"https:\/\/patrocinados.estadao.com.br\/deloitte-jornada-da-sustentabilidade\/wp-content\/uploads\/2021\/09\/11_entrega_932.jpg\",\"contentUrl\":\"https:\/\/patrocinados.estadao.com.br\/deloitte-jornada-da-sustentabilidade\/wp-content\/uploads\/2021\/09\/11_entrega_932.jpg\",\"width\":932,\"height\":524},{\"@type\":\"BreadcrumbList\",\"@id\":\"https:\/\/patrocinados.estadao.com.br\/deloitte-jornada-da-sustentabilidade\/2015\/03\/17\/a-estrutura-de-controles-internos-e-o-novo-coso\/#breadcrumb\",\"itemListElement\":[{\"@type\":\"ListItem\",\"position\":1,\"name\":\"In\u00edcio\",\"item\":\"https:\/\/patrocinados.estadao.com.br\/deloitte-jornada-da-sustentabilidade\/\"},{\"@type\":\"ListItem\",\"position\":2,\"name\":\"A estrutura de controles internos e o novo \u201cCOSO\u201d\"}]},{\"@type\":\"WebSite\",\"@id\":\"https:\/\/patrocinados.estadao.com.br\/deloitte-jornada-da-sustentabilidade\/#website\",\"url\":\"https:\/\/patrocinados.estadao.com.br\/deloitte-jornada-da-sustentabilidade\/\",\"name\":\"Jornada da Sustentabilidade, oferecido por Deloitte\",\"description\":\"Solu\u00e7\u00f5es de governan\u00e7a corporativa para seus desafios de neg\u00f3cios\",\"potentialAction\":[{\"@type\":\"SearchAction\",\"target\":{\"@type\":\"EntryPoint\",\"urlTemplate\":\"https:\/\/patrocinados.estadao.com.br\/deloitte-jornada-da-sustentabilidade\/?s={search_term_string}\"},\"query-input\":{\"@type\":\"PropertyValueSpecification\",\"valueRequired\":true,\"valueName\":\"search_term_string\"}}],\"inLanguage\":\"pt-BR\"},{\"@type\":\"Person\",\"@id\":\"https:\/\/patrocinados.estadao.com.br\/deloitte-jornada-da-sustentabilidade\/#\/schema\/person\/9be56940425d4f31e0c82015d0fd725f\",\"name\":\"Geosfera\",\"image\":{\"@type\":\"ImageObject\",\"inLanguage\":\"pt-BR\",\"@id\":\"https:\/\/patrocinados.estadao.com.br\/deloitte-jornada-da-sustentabilidade\/#\/schema\/person\/image\/\",\"url\":\"https:\/\/secure.gravatar.com\/avatar\/9d33d40efdce4963188a84bd4777a5f81f7c8e9cfcc15e6853c05f5cfee4c0ab?s=96&d=mm&r=g\",\"contentUrl\":\"https:\/\/secure.gravatar.com\/avatar\/9d33d40efdce4963188a84bd4777a5f81f7c8e9cfcc15e6853c05f5cfee4c0ab?s=96&d=mm&r=g\",\"caption\":\"Geosfera\"},\"sameAs\":[\"http:\/\/geosfera.com.br\"],\"url\":\"https:\/\/patrocinados.estadao.com.br\/deloitte-jornada-da-sustentabilidade\/author\/geosfera_deloitte\/\"}]}<\/script>\n<!-- \/ Yoast SEO plugin. -->","yoast_head_json":{"title":"A estrutura de controles internos e o novo \u201cCOSO\u201d - Jornada da Sustentabilidade, oferecido por Deloitte","robots":{"index":"index","follow":"follow","max-snippet":"max-snippet:-1","max-image-preview":"max-image-preview:large","max-video-preview":"max-video-preview:-1"},"canonical":"https:\/\/patrocinados.estadao.com.br\/deloitte-jornada-da-sustentabilidade\/2015\/03\/17\/a-estrutura-de-controles-internos-e-o-novo-coso\/","og_locale":"pt_BR","og_type":"article","og_title":"A estrutura de controles internos e o novo \u201cCOSO\u201d - Jornada da Sustentabilidade, oferecido por Deloitte","og_description":"Entenda a import\u00e2ncia de as companhias adotarem boas pr\u00e1ticas de gest\u00e3o de risco","og_url":"https:\/\/patrocinados.estadao.com.br\/deloitte-jornada-da-sustentabilidade\/2015\/03\/17\/a-estrutura-de-controles-internos-e-o-novo-coso\/","og_site_name":"Jornada da Sustentabilidade, oferecido por Deloitte","article_published_time":"2015-03-17T17:13:19+00:00","article_modified_time":"2021-09-20T15:59:17+00:00","og_image":[{"width":932,"height":524,"url":"https:\/\/patrocinados.estadao.com.br\/deloitte-jornada-da-sustentabilidade\/wp-content\/uploads\/2021\/09\/11_entrega_932.jpg","type":"image\/jpeg"}],"author":"Geosfera","twitter_card":"summary_large_image","twitter_misc":{"Escrito por":"Geosfera","Est. tempo de leitura":"3 minutos"},"schema":{"@context":"https:\/\/schema.org","@graph":[{"@type":"Article","@id":"https:\/\/patrocinados.estadao.com.br\/deloitte-jornada-da-sustentabilidade\/2015\/03\/17\/a-estrutura-de-controles-internos-e-o-novo-coso\/#article","isPartOf":{"@id":"https:\/\/patrocinados.estadao.com.br\/deloitte-jornada-da-sustentabilidade\/2015\/03\/17\/a-estrutura-de-controles-internos-e-o-novo-coso\/"},"author":{"name":"Geosfera","@id":"https:\/\/patrocinados.estadao.com.br\/deloitte-jornada-da-sustentabilidade\/#\/schema\/person\/9be56940425d4f31e0c82015d0fd725f"},"headline":"A estrutura de controles internos e o novo \u201cCOSO\u201d","datePublished":"2015-03-17T17:13:19+00:00","dateModified":"2021-09-20T15:59:17+00:00","mainEntityOfPage":{"@id":"https:\/\/patrocinados.estadao.com.br\/deloitte-jornada-da-sustentabilidade\/2015\/03\/17\/a-estrutura-de-controles-internos-e-o-novo-coso\/"},"wordCount":551,"commentCount":0,"image":{"@id":"https:\/\/patrocinados.estadao.com.br\/deloitte-jornada-da-sustentabilidade\/2015\/03\/17\/a-estrutura-de-controles-internos-e-o-novo-coso\/#primaryimage"},"thumbnailUrl":"https:\/\/patrocinados.estadao.com.br\/deloitte-jornada-da-sustentabilidade\/wp-content\/uploads\/2021\/09\/11_entrega_932.jpg","inLanguage":"pt-BR","potentialAction":[{"@type":"CommentAction","name":"Comment","target":["https:\/\/patrocinados.estadao.com.br\/deloitte-jornada-da-sustentabilidade\/2015\/03\/17\/a-estrutura-de-controles-internos-e-o-novo-coso\/#respond"]}]},{"@type":"WebPage","@id":"https:\/\/patrocinados.estadao.com.br\/deloitte-jornada-da-sustentabilidade\/2015\/03\/17\/a-estrutura-de-controles-internos-e-o-novo-coso\/","url":"https:\/\/patrocinados.estadao.com.br\/deloitte-jornada-da-sustentabilidade\/2015\/03\/17\/a-estrutura-de-controles-internos-e-o-novo-coso\/","name":"A estrutura de controles internos e o novo \u201cCOSO\u201d - Jornada da Sustentabilidade, oferecido por Deloitte","isPartOf":{"@id":"https:\/\/patrocinados.estadao.com.br\/deloitte-jornada-da-sustentabilidade\/#website"},"primaryImageOfPage":{"@id":"https:\/\/patrocinados.estadao.com.br\/deloitte-jornada-da-sustentabilidade\/2015\/03\/17\/a-estrutura-de-controles-internos-e-o-novo-coso\/#primaryimage"},"image":{"@id":"https:\/\/patrocinados.estadao.com.br\/deloitte-jornada-da-sustentabilidade\/2015\/03\/17\/a-estrutura-de-controles-internos-e-o-novo-coso\/#primaryimage"},"thumbnailUrl":"https:\/\/patrocinados.estadao.com.br\/deloitte-jornada-da-sustentabilidade\/wp-content\/uploads\/2021\/09\/11_entrega_932.jpg","datePublished":"2015-03-17T17:13:19+00:00","dateModified":"2021-09-20T15:59:17+00:00","author":{"@id":"https:\/\/patrocinados.estadao.com.br\/deloitte-jornada-da-sustentabilidade\/#\/schema\/person\/9be56940425d4f31e0c82015d0fd725f"},"breadcrumb":{"@id":"https:\/\/patrocinados.estadao.com.br\/deloitte-jornada-da-sustentabilidade\/2015\/03\/17\/a-estrutura-de-controles-internos-e-o-novo-coso\/#breadcrumb"},"inLanguage":"pt-BR","potentialAction":[{"@type":"ReadAction","target":["https:\/\/patrocinados.estadao.com.br\/deloitte-jornada-da-sustentabilidade\/2015\/03\/17\/a-estrutura-de-controles-internos-e-o-novo-coso\/"]}]},{"@type":"ImageObject","inLanguage":"pt-BR","@id":"https:\/\/patrocinados.estadao.com.br\/deloitte-jornada-da-sustentabilidade\/2015\/03\/17\/a-estrutura-de-controles-internos-e-o-novo-coso\/#primaryimage","url":"https:\/\/patrocinados.estadao.com.br\/deloitte-jornada-da-sustentabilidade\/wp-content\/uploads\/2021\/09\/11_entrega_932.jpg","contentUrl":"https:\/\/patrocinados.estadao.com.br\/deloitte-jornada-da-sustentabilidade\/wp-content\/uploads\/2021\/09\/11_entrega_932.jpg","width":932,"height":524},{"@type":"BreadcrumbList","@id":"https:\/\/patrocinados.estadao.com.br\/deloitte-jornada-da-sustentabilidade\/2015\/03\/17\/a-estrutura-de-controles-internos-e-o-novo-coso\/#breadcrumb","itemListElement":[{"@type":"ListItem","position":1,"name":"In\u00edcio","item":"https:\/\/patrocinados.estadao.com.br\/deloitte-jornada-da-sustentabilidade\/"},{"@type":"ListItem","position":2,"name":"A estrutura de controles internos e o novo \u201cCOSO\u201d"}]},{"@type":"WebSite","@id":"https:\/\/patrocinados.estadao.com.br\/deloitte-jornada-da-sustentabilidade\/#website","url":"https:\/\/patrocinados.estadao.com.br\/deloitte-jornada-da-sustentabilidade\/","name":"Jornada da Sustentabilidade, oferecido por Deloitte","description":"Solu\u00e7\u00f5es de governan\u00e7a corporativa para seus desafios de neg\u00f3cios","potentialAction":[{"@type":"SearchAction","target":{"@type":"EntryPoint","urlTemplate":"https:\/\/patrocinados.estadao.com.br\/deloitte-jornada-da-sustentabilidade\/?s={search_term_string}"},"query-input":{"@type":"PropertyValueSpecification","valueRequired":true,"valueName":"search_term_string"}}],"inLanguage":"pt-BR"},{"@type":"Person","@id":"https:\/\/patrocinados.estadao.com.br\/deloitte-jornada-da-sustentabilidade\/#\/schema\/person\/9be56940425d4f31e0c82015d0fd725f","name":"Geosfera","image":{"@type":"ImageObject","inLanguage":"pt-BR","@id":"https:\/\/patrocinados.estadao.com.br\/deloitte-jornada-da-sustentabilidade\/#\/schema\/person\/image\/","url":"https:\/\/secure.gravatar.com\/avatar\/9d33d40efdce4963188a84bd4777a5f81f7c8e9cfcc15e6853c05f5cfee4c0ab?s=96&d=mm&r=g","contentUrl":"https:\/\/secure.gravatar.com\/avatar\/9d33d40efdce4963188a84bd4777a5f81f7c8e9cfcc15e6853c05f5cfee4c0ab?s=96&d=mm&r=g","caption":"Geosfera"},"sameAs":["http:\/\/geosfera.com.br"],"url":"https:\/\/patrocinados.estadao.com.br\/deloitte-jornada-da-sustentabilidade\/author\/geosfera_deloitte\/"}]}},"_links":{"self":[{"href":"https:\/\/patrocinados.estadao.com.br\/deloitte-jornada-da-sustentabilidade\/wp-json\/wp\/v2\/posts\/116","targetHints":{"allow":["GET"]}}],"collection":[{"href":"https:\/\/patrocinados.estadao.com.br\/deloitte-jornada-da-sustentabilidade\/wp-json\/wp\/v2\/posts"}],"about":[{"href":"https:\/\/patrocinados.estadao.com.br\/deloitte-jornada-da-sustentabilidade\/wp-json\/wp\/v2\/types\/post"}],"author":[{"embeddable":true,"href":"https:\/\/patrocinados.estadao.com.br\/deloitte-jornada-da-sustentabilidade\/wp-json\/wp\/v2\/users\/2"}],"replies":[{"embeddable":true,"href":"https:\/\/patrocinados.estadao.com.br\/deloitte-jornada-da-sustentabilidade\/wp-json\/wp\/v2\/comments?post=116"}],"version-history":[{"count":1,"href":"https:\/\/patrocinados.estadao.com.br\/deloitte-jornada-da-sustentabilidade\/wp-json\/wp\/v2\/posts\/116\/revisions"}],"predecessor-version":[{"id":1988,"href":"https:\/\/patrocinados.estadao.com.br\/deloitte-jornada-da-sustentabilidade\/wp-json\/wp\/v2\/posts\/116\/revisions\/1988"}],"wp:featuredmedia":[{"embeddable":true,"href":"https:\/\/patrocinados.estadao.com.br\/deloitte-jornada-da-sustentabilidade\/wp-json\/wp\/v2\/media\/1719"}],"wp:attachment":[{"href":"https:\/\/patrocinados.estadao.com.br\/deloitte-jornada-da-sustentabilidade\/wp-json\/wp\/v2\/media?parent=116"}],"wp:term":[{"taxonomy":"category","embeddable":true,"href":"https:\/\/patrocinados.estadao.com.br\/deloitte-jornada-da-sustentabilidade\/wp-json\/wp\/v2\/categories?post=116"},{"taxonomy":"post_tag","embeddable":true,"href":"https:\/\/patrocinados.estadao.com.br\/deloitte-jornada-da-sustentabilidade\/wp-json\/wp\/v2\/tags?post=116"}],"curies":[{"name":"wp","href":"https:\/\/api.w.org\/{rel}","templated":true}]}}