{"id":1133,"date":"2019-07-11T15:17:06","date_gmt":"2019-07-11T15:17:06","guid":{"rendered":"https:\/\/patrocinados.estadao.com.br\/deloitte-esg-esg\/?p=1133"},"modified":"2021-09-20T11:35:35","modified_gmt":"2021-09-20T14:35:35","slug":"mercado-competitivo-pede-olhar-atento-a-estrategia","status":"publish","type":"post","link":"https:\/\/patrocinados.estadao.com.br\/deloitte-jornada-da-sustentabilidade\/2019\/07\/11\/mercado-competitivo-pede-olhar-atento-a-estrategia\/","title":{"rendered":"Mercado competitivo pede olhar atento \u00e0 estrat\u00e9gia"},"content":{"rendered":"<p>Para se manterem competitivas e acompanharem as novas din\u00e2micas de mercado, as empresas precisam ser capazes de identificar rapidamente a necessidade de reverem seu planejamento estrat\u00e9gico e, principalmente, devem tomar alguns cuidados para conduzirem esse processo de maneira r\u00e1pida e assertiva.<\/p>\n<p>Heloisa Montes, s\u00f3cia-l\u00edder da Consultoria em Strategy &amp; Business Design e Marketing da Deloitte, explica que, em primeiro lugar, \u00e9 preciso desmistificar o processo de planejamento estrat\u00e9gico como um exerc\u00edcio a ser realizado em per\u00edodos predeterminados. \u201cNa verdade, as empresas necessitam transformar essa vis\u00e3o para um processo din\u00e2mico, em que h\u00e1 clareza de objetivos de longo prazo (10 a 20 anos, dependendo da volatilidade do setor onde atua), por\u00e9m, com planos de a\u00e7\u00f5es de curto prazo (at\u00e9 12 meses) que contemplam iniciativas concretas e medidas de desempenho claras, objetivas e de f\u00e1cil mensura\u00e7\u00e3o\u201d.<\/p>\n<p>Alguns indicadores servem como sinais de alerta para revis\u00f5es mais profundas \u2013 tais como perda de market share, redu\u00e7\u00e3o da margem do neg\u00f3cio, chegada de novos concorrentes, mudan\u00e7a no ambiente tecnol\u00f3gico, mudan\u00e7as no comportamento do consumidor, esgotamento do portf\u00f3lio de produtos e servi\u00e7os, grandes movimentos de transforma\u00e7\u00e3o na cadeia de valor, ou mesmo por a\u00e7\u00e3o de algum concorrente direto ou indireto, entre outros.<\/p>\n<p>\u201cN\u00e3o basta apenas reformular o planejamento estrat\u00e9gico, \u00e9 preciso tamb\u00e9m coloc\u00e1-lo em pr\u00e1tica rapidamente e garantir que os novos planos sejam implementados de forma correta e eficaz\u201d, destaca Anselmo Bonservizzi, s\u00f3cio da \u00e1rea de Risk Advisory e l\u00edder da Pr\u00e1tica de Riscos Estrat\u00e9gicos da Deloitte.<\/p>\n<p><strong>Capacidade de execu\u00e7\u00e3o precisa ser considerada<\/strong><\/p>\n<p>Uma vez definida a estrat\u00e9gia, menosprezar a etapa pr\u00e1tica significa um desperd\u00edcio de esfor\u00e7os e dinheiro, o que pode, inclusive, colocar a sobreviv\u00eancia do neg\u00f3cio em perigo. \u201cPor isso, a empresa deve avaliar, primeiro, sua capacidade real de execu\u00e7\u00e3o e adequar a estrat\u00e9gia \u00e0 sua realidade. Ao definir um plano \u2013 novo ou revisitado \u2013 a organiza\u00e7\u00e3o deve dedicar os recursos e a persist\u00eancia necess\u00e1rios para viabiliz\u00e1-lo\u201d, explica Bonservizzi.<\/p>\n<p>Os recursos s\u00e3o tanto financeiros e de investimentos, quanto tamb\u00e9m envolvem processos e ferramentas que facilitem a execu\u00e7\u00e3o das a\u00e7\u00f5es. A lideran\u00e7a tem uma fun\u00e7\u00e3o fundamental nesse processo, pois \u00e9 respons\u00e1vel por assegurar que a nova estrat\u00e9gia integre o cotidiano operacional de toda a organiza\u00e7\u00e3o. Os objetivos da empresa devem permear toda a sua estrutura, com uma defini\u00e7\u00e3o clara do papel de cada um para alcan\u00e7\u00e1-los.<\/p>\n<p><strong>Controles s\u00e3o aliados da implementa\u00e7\u00e3o<\/strong><\/p>\n<p>Diversos controles devem ser realizados durante o processo de implanta\u00e7\u00e3o da estrat\u00e9gia, para avaliar seus efeitos. Alguns exemplos pr\u00e1ticos s\u00e3o: a positiva\u00e7\u00e3o no ponto de venda e cobertura (Log\u00edstica e Distribui\u00e7\u00e3o), rentabilidade do mix de clientes e de produtos ou servi\u00e7os (Comercial), Market Share (Marketing), turnover de profissionais (RH), entre outros.<\/p>\n<p>Esses indicadores proporcionam visibilidade sobre a execu\u00e7\u00e3o das iniciativas e medem o avan\u00e7o em rela\u00e7\u00e3o aos objetivos estrat\u00e9gicos. Falhas s\u00e3o inerentes aos processos de transforma\u00e7\u00e3o, o fundamental \u00e9 aprender com essas situa\u00e7\u00f5es e n\u00e3o repetir os erros.<\/p>\n<p>Entra aqui o conceito learn fast, change fas<em>t, <\/em>sugerindo que, ao constatar rapidamente as primeiras barreiras, \u00e9 poss\u00edvel venc\u00ea-las e impulsionar a mudan\u00e7a: \u201cn\u00e3o h\u00e1 como desenhar uma estrat\u00e9gia infal\u00edvel, pois n\u00e3o \u00e9 poss\u00edvel prever os movimentos da concorr\u00eancia, a chegada de regulamenta\u00e7\u00f5es e outras mudan\u00e7as que podem impactar o contexto inicial do desenvolvimento da estrat\u00e9gia\u201d, argumenta Heloisa Montes.<\/p>\n<p>A escolha de novos KPIS (indicadores-chave de sucesso) tamb\u00e9m ajuda a alinhar a ambi\u00e7\u00e3o estrat\u00e9gica \u00e0 forma como a organiza\u00e7\u00e3o estimula seus talentos, em um processo que deve ser genu\u00edno.<\/p>\n<p><strong>Plano em sinergia com a realidade<\/strong><\/p>\n<p>O est\u00e1gio no ciclo de vida da empresa e de seu portf\u00f3lio de produtos e servi\u00e7os, o apetite pela mudan\u00e7a e pelo risco de seus l\u00edderes e o ambiente do mercado onde est\u00e1 inserida s\u00e3o essenciais para que a empresa possa definir a profundidade e a velocidade das transforma\u00e7\u00f5es que ser\u00e3o feitas. Muitas vezes, uma organiza\u00e7\u00e3o est\u00e1 disposta a realizar pequenos avan\u00e7os, por\u00e9m cont\u00ednuos, enquanto outra prefere uma abordagem mais dr\u00e1stica.<\/p>\n<p>A intensidade de mudan\u00e7a, requerida de acordo com o estado da empresa e seu mercado, \u00e9 um fator sens\u00edvel a ser ponderado. Em casos agudos, demorar muito ou esperar que condi\u00e7\u00f5es ideais apare\u00e7am para que as ideias saiam do papel pode ser fatal. Nessa situa\u00e7\u00e3o, a sa\u00edda \u00e9 a implanta\u00e7\u00e3o imediata em ampla escala.<\/p>\n<p>O mundo e a concorr\u00eancia t\u00eam mudado em uma velocidade exponencial e neg\u00f3cios tornam-se obsoletos em fra\u00e7\u00f5es de tempo cada vez menores. A estagna\u00e7\u00e3o \u00e9 o maior risco que uma empresa pode correr por n\u00e3o executar sua estrat\u00e9gia. De nada adianta o exerc\u00edcio, muitas vezes intenso e extenuante, de desenvolvimento de um plano estrat\u00e9gico robusto que se torna um documento inspiracional, mas n\u00e3o pr\u00e1tico.<\/p>\n","protected":false},"excerpt":{"rendered":"<p>Ao definir um planejamento estrat\u00e9gico, a organiza\u00e7\u00e3o deve dedicar os recursos necess\u00e1rios para viabiliz\u00e1-lo e acompanhar as movimenta\u00e7\u00f5es de um ambiente de neg\u00f3cios em transforma\u00e7\u00e3o<\/p>\n","protected":false},"author":2,"featured_media":1702,"comment_status":"open","ping_status":"closed","sticky":false,"template":"","format":"standard","meta":{"_acf_changed":false,"footnotes":""},"categories":[1],"tags":[],"class_list":["post-1133","post","type-post","status-publish","format-standard","has-post-thumbnail","hentry","category-sem-categoria"],"acf":[],"yoast_head":"<!-- This site is optimized with the Yoast SEO plugin v27.1.1 - https:\/\/yoast.com\/product\/yoast-seo-wordpress\/ -->\n<title>Mercado competitivo pede olhar atento \u00e0 estrat\u00e9gia - Jornada da Sustentabilidade, oferecido por Deloitte<\/title>\n<meta name=\"robots\" content=\"index, follow, max-snippet:-1, max-image-preview:large, max-video-preview:-1\" \/>\n<link rel=\"canonical\" href=\"https:\/\/patrocinados.estadao.com.br\/deloitte-jornada-da-sustentabilidade\/2019\/07\/11\/mercado-competitivo-pede-olhar-atento-a-estrategia\/\" \/>\n<meta property=\"og:locale\" content=\"pt_BR\" \/>\n<meta property=\"og:type\" content=\"article\" \/>\n<meta property=\"og:title\" content=\"Mercado competitivo pede olhar atento \u00e0 estrat\u00e9gia - Jornada da Sustentabilidade, oferecido por Deloitte\" \/>\n<meta property=\"og:description\" content=\"Ao definir um planejamento estrat\u00e9gico, a organiza\u00e7\u00e3o deve dedicar os recursos necess\u00e1rios para viabiliz\u00e1-lo e acompanhar as movimenta\u00e7\u00f5es de um ambiente de neg\u00f3cios em transforma\u00e7\u00e3o\" \/>\n<meta property=\"og:url\" content=\"https:\/\/patrocinados.estadao.com.br\/deloitte-jornada-da-sustentabilidade\/2019\/07\/11\/mercado-competitivo-pede-olhar-atento-a-estrategia\/\" \/>\n<meta property=\"og:site_name\" content=\"Jornada da Sustentabilidade, oferecido por Deloitte\" \/>\n<meta property=\"article:published_time\" content=\"2019-07-11T15:17:06+00:00\" \/>\n<meta property=\"article:modified_time\" content=\"2021-09-20T14:35:35+00:00\" \/>\n<meta property=\"og:image\" content=\"https:\/\/patrocinados.estadao.com.br\/deloitte-jornada-da-sustentabilidade\/wp-content\/uploads\/2021\/09\/planejamento.jpg\" \/>\n\t<meta property=\"og:image:width\" content=\"760\" \/>\n\t<meta property=\"og:image:height\" content=\"428\" \/>\n\t<meta property=\"og:image:type\" content=\"image\/jpeg\" \/>\n<meta name=\"author\" content=\"Geosfera\" \/>\n<meta name=\"twitter:card\" content=\"summary_large_image\" \/>\n<meta name=\"twitter:label1\" content=\"Escrito por\" \/>\n\t<meta name=\"twitter:data1\" content=\"Geosfera\" \/>\n\t<meta name=\"twitter:label2\" content=\"Est. tempo de leitura\" \/>\n\t<meta name=\"twitter:data2\" content=\"4 minutos\" \/>\n<script type=\"application\/ld+json\" class=\"yoast-schema-graph\">{\"@context\":\"https:\/\/schema.org\",\"@graph\":[{\"@type\":\"Article\",\"@id\":\"https:\/\/patrocinados.estadao.com.br\/deloitte-jornada-da-sustentabilidade\/2019\/07\/11\/mercado-competitivo-pede-olhar-atento-a-estrategia\/#article\",\"isPartOf\":{\"@id\":\"https:\/\/patrocinados.estadao.com.br\/deloitte-jornada-da-sustentabilidade\/2019\/07\/11\/mercado-competitivo-pede-olhar-atento-a-estrategia\/\"},\"author\":{\"name\":\"Geosfera\",\"@id\":\"https:\/\/patrocinados.estadao.com.br\/deloitte-jornada-da-sustentabilidade\/#\/schema\/person\/9be56940425d4f31e0c82015d0fd725f\"},\"headline\":\"Mercado competitivo pede olhar atento \u00e0 estrat\u00e9gia\",\"datePublished\":\"2019-07-11T15:17:06+00:00\",\"dateModified\":\"2021-09-20T14:35:35+00:00\",\"mainEntityOfPage\":{\"@id\":\"https:\/\/patrocinados.estadao.com.br\/deloitte-jornada-da-sustentabilidade\/2019\/07\/11\/mercado-competitivo-pede-olhar-atento-a-estrategia\/\"},\"wordCount\":873,\"commentCount\":0,\"image\":{\"@id\":\"https:\/\/patrocinados.estadao.com.br\/deloitte-jornada-da-sustentabilidade\/2019\/07\/11\/mercado-competitivo-pede-olhar-atento-a-estrategia\/#primaryimage\"},\"thumbnailUrl\":\"https:\/\/patrocinados.estadao.com.br\/deloitte-jornada-da-sustentabilidade\/wp-content\/uploads\/2021\/09\/planejamento.jpg\",\"inLanguage\":\"pt-BR\",\"potentialAction\":[{\"@type\":\"CommentAction\",\"name\":\"Comment\",\"target\":[\"https:\/\/patrocinados.estadao.com.br\/deloitte-jornada-da-sustentabilidade\/2019\/07\/11\/mercado-competitivo-pede-olhar-atento-a-estrategia\/#respond\"]}]},{\"@type\":\"WebPage\",\"@id\":\"https:\/\/patrocinados.estadao.com.br\/deloitte-jornada-da-sustentabilidade\/2019\/07\/11\/mercado-competitivo-pede-olhar-atento-a-estrategia\/\",\"url\":\"https:\/\/patrocinados.estadao.com.br\/deloitte-jornada-da-sustentabilidade\/2019\/07\/11\/mercado-competitivo-pede-olhar-atento-a-estrategia\/\",\"name\":\"Mercado competitivo pede olhar atento \u00e0 estrat\u00e9gia - Jornada da Sustentabilidade, oferecido por Deloitte\",\"isPartOf\":{\"@id\":\"https:\/\/patrocinados.estadao.com.br\/deloitte-jornada-da-sustentabilidade\/#website\"},\"primaryImageOfPage\":{\"@id\":\"https:\/\/patrocinados.estadao.com.br\/deloitte-jornada-da-sustentabilidade\/2019\/07\/11\/mercado-competitivo-pede-olhar-atento-a-estrategia\/#primaryimage\"},\"image\":{\"@id\":\"https:\/\/patrocinados.estadao.com.br\/deloitte-jornada-da-sustentabilidade\/2019\/07\/11\/mercado-competitivo-pede-olhar-atento-a-estrategia\/#primaryimage\"},\"thumbnailUrl\":\"https:\/\/patrocinados.estadao.com.br\/deloitte-jornada-da-sustentabilidade\/wp-content\/uploads\/2021\/09\/planejamento.jpg\",\"datePublished\":\"2019-07-11T15:17:06+00:00\",\"dateModified\":\"2021-09-20T14:35:35+00:00\",\"author\":{\"@id\":\"https:\/\/patrocinados.estadao.com.br\/deloitte-jornada-da-sustentabilidade\/#\/schema\/person\/9be56940425d4f31e0c82015d0fd725f\"},\"breadcrumb\":{\"@id\":\"https:\/\/patrocinados.estadao.com.br\/deloitte-jornada-da-sustentabilidade\/2019\/07\/11\/mercado-competitivo-pede-olhar-atento-a-estrategia\/#breadcrumb\"},\"inLanguage\":\"pt-BR\",\"potentialAction\":[{\"@type\":\"ReadAction\",\"target\":[\"https:\/\/patrocinados.estadao.com.br\/deloitte-jornada-da-sustentabilidade\/2019\/07\/11\/mercado-competitivo-pede-olhar-atento-a-estrategia\/\"]}]},{\"@type\":\"ImageObject\",\"inLanguage\":\"pt-BR\",\"@id\":\"https:\/\/patrocinados.estadao.com.br\/deloitte-jornada-da-sustentabilidade\/2019\/07\/11\/mercado-competitivo-pede-olhar-atento-a-estrategia\/#primaryimage\",\"url\":\"https:\/\/patrocinados.estadao.com.br\/deloitte-jornada-da-sustentabilidade\/wp-content\/uploads\/2021\/09\/planejamento.jpg\",\"contentUrl\":\"https:\/\/patrocinados.estadao.com.br\/deloitte-jornada-da-sustentabilidade\/wp-content\/uploads\/2021\/09\/planejamento.jpg\",\"width\":760,\"height\":428},{\"@type\":\"BreadcrumbList\",\"@id\":\"https:\/\/patrocinados.estadao.com.br\/deloitte-jornada-da-sustentabilidade\/2019\/07\/11\/mercado-competitivo-pede-olhar-atento-a-estrategia\/#breadcrumb\",\"itemListElement\":[{\"@type\":\"ListItem\",\"position\":1,\"name\":\"In\u00edcio\",\"item\":\"https:\/\/patrocinados.estadao.com.br\/deloitte-jornada-da-sustentabilidade\/\"},{\"@type\":\"ListItem\",\"position\":2,\"name\":\"Mercado competitivo pede olhar atento \u00e0 estrat\u00e9gia\"}]},{\"@type\":\"WebSite\",\"@id\":\"https:\/\/patrocinados.estadao.com.br\/deloitte-jornada-da-sustentabilidade\/#website\",\"url\":\"https:\/\/patrocinados.estadao.com.br\/deloitte-jornada-da-sustentabilidade\/\",\"name\":\"Jornada da Sustentabilidade, oferecido por Deloitte\",\"description\":\"Solu\u00e7\u00f5es de governan\u00e7a corporativa para seus desafios de neg\u00f3cios\",\"potentialAction\":[{\"@type\":\"SearchAction\",\"target\":{\"@type\":\"EntryPoint\",\"urlTemplate\":\"https:\/\/patrocinados.estadao.com.br\/deloitte-jornada-da-sustentabilidade\/?s={search_term_string}\"},\"query-input\":{\"@type\":\"PropertyValueSpecification\",\"valueRequired\":true,\"valueName\":\"search_term_string\"}}],\"inLanguage\":\"pt-BR\"},{\"@type\":\"Person\",\"@id\":\"https:\/\/patrocinados.estadao.com.br\/deloitte-jornada-da-sustentabilidade\/#\/schema\/person\/9be56940425d4f31e0c82015d0fd725f\",\"name\":\"Geosfera\",\"image\":{\"@type\":\"ImageObject\",\"inLanguage\":\"pt-BR\",\"@id\":\"https:\/\/patrocinados.estadao.com.br\/deloitte-jornada-da-sustentabilidade\/#\/schema\/person\/image\/\",\"url\":\"https:\/\/secure.gravatar.com\/avatar\/9d33d40efdce4963188a84bd4777a5f81f7c8e9cfcc15e6853c05f5cfee4c0ab?s=96&d=mm&r=g\",\"contentUrl\":\"https:\/\/secure.gravatar.com\/avatar\/9d33d40efdce4963188a84bd4777a5f81f7c8e9cfcc15e6853c05f5cfee4c0ab?s=96&d=mm&r=g\",\"caption\":\"Geosfera\"},\"sameAs\":[\"http:\/\/geosfera.com.br\"],\"url\":\"https:\/\/patrocinados.estadao.com.br\/deloitte-jornada-da-sustentabilidade\/author\/geosfera_deloitte\/\"}]}<\/script>\n<!-- \/ Yoast SEO plugin. -->","yoast_head_json":{"title":"Mercado competitivo pede olhar atento \u00e0 estrat\u00e9gia - Jornada da Sustentabilidade, oferecido por Deloitte","robots":{"index":"index","follow":"follow","max-snippet":"max-snippet:-1","max-image-preview":"max-image-preview:large","max-video-preview":"max-video-preview:-1"},"canonical":"https:\/\/patrocinados.estadao.com.br\/deloitte-jornada-da-sustentabilidade\/2019\/07\/11\/mercado-competitivo-pede-olhar-atento-a-estrategia\/","og_locale":"pt_BR","og_type":"article","og_title":"Mercado competitivo pede olhar atento \u00e0 estrat\u00e9gia - Jornada da Sustentabilidade, oferecido por Deloitte","og_description":"Ao definir um planejamento estrat\u00e9gico, a organiza\u00e7\u00e3o deve dedicar os recursos necess\u00e1rios para viabiliz\u00e1-lo e acompanhar as movimenta\u00e7\u00f5es de um ambiente de neg\u00f3cios em transforma\u00e7\u00e3o","og_url":"https:\/\/patrocinados.estadao.com.br\/deloitte-jornada-da-sustentabilidade\/2019\/07\/11\/mercado-competitivo-pede-olhar-atento-a-estrategia\/","og_site_name":"Jornada da Sustentabilidade, oferecido por Deloitte","article_published_time":"2019-07-11T15:17:06+00:00","article_modified_time":"2021-09-20T14:35:35+00:00","og_image":[{"width":760,"height":428,"url":"https:\/\/patrocinados.estadao.com.br\/deloitte-jornada-da-sustentabilidade\/wp-content\/uploads\/2021\/09\/planejamento.jpg","type":"image\/jpeg"}],"author":"Geosfera","twitter_card":"summary_large_image","twitter_misc":{"Escrito por":"Geosfera","Est. tempo de leitura":"4 minutos"},"schema":{"@context":"https:\/\/schema.org","@graph":[{"@type":"Article","@id":"https:\/\/patrocinados.estadao.com.br\/deloitte-jornada-da-sustentabilidade\/2019\/07\/11\/mercado-competitivo-pede-olhar-atento-a-estrategia\/#article","isPartOf":{"@id":"https:\/\/patrocinados.estadao.com.br\/deloitte-jornada-da-sustentabilidade\/2019\/07\/11\/mercado-competitivo-pede-olhar-atento-a-estrategia\/"},"author":{"name":"Geosfera","@id":"https:\/\/patrocinados.estadao.com.br\/deloitte-jornada-da-sustentabilidade\/#\/schema\/person\/9be56940425d4f31e0c82015d0fd725f"},"headline":"Mercado competitivo pede olhar atento \u00e0 estrat\u00e9gia","datePublished":"2019-07-11T15:17:06+00:00","dateModified":"2021-09-20T14:35:35+00:00","mainEntityOfPage":{"@id":"https:\/\/patrocinados.estadao.com.br\/deloitte-jornada-da-sustentabilidade\/2019\/07\/11\/mercado-competitivo-pede-olhar-atento-a-estrategia\/"},"wordCount":873,"commentCount":0,"image":{"@id":"https:\/\/patrocinados.estadao.com.br\/deloitte-jornada-da-sustentabilidade\/2019\/07\/11\/mercado-competitivo-pede-olhar-atento-a-estrategia\/#primaryimage"},"thumbnailUrl":"https:\/\/patrocinados.estadao.com.br\/deloitte-jornada-da-sustentabilidade\/wp-content\/uploads\/2021\/09\/planejamento.jpg","inLanguage":"pt-BR","potentialAction":[{"@type":"CommentAction","name":"Comment","target":["https:\/\/patrocinados.estadao.com.br\/deloitte-jornada-da-sustentabilidade\/2019\/07\/11\/mercado-competitivo-pede-olhar-atento-a-estrategia\/#respond"]}]},{"@type":"WebPage","@id":"https:\/\/patrocinados.estadao.com.br\/deloitte-jornada-da-sustentabilidade\/2019\/07\/11\/mercado-competitivo-pede-olhar-atento-a-estrategia\/","url":"https:\/\/patrocinados.estadao.com.br\/deloitte-jornada-da-sustentabilidade\/2019\/07\/11\/mercado-competitivo-pede-olhar-atento-a-estrategia\/","name":"Mercado competitivo pede olhar atento \u00e0 estrat\u00e9gia - Jornada da Sustentabilidade, oferecido por Deloitte","isPartOf":{"@id":"https:\/\/patrocinados.estadao.com.br\/deloitte-jornada-da-sustentabilidade\/#website"},"primaryImageOfPage":{"@id":"https:\/\/patrocinados.estadao.com.br\/deloitte-jornada-da-sustentabilidade\/2019\/07\/11\/mercado-competitivo-pede-olhar-atento-a-estrategia\/#primaryimage"},"image":{"@id":"https:\/\/patrocinados.estadao.com.br\/deloitte-jornada-da-sustentabilidade\/2019\/07\/11\/mercado-competitivo-pede-olhar-atento-a-estrategia\/#primaryimage"},"thumbnailUrl":"https:\/\/patrocinados.estadao.com.br\/deloitte-jornada-da-sustentabilidade\/wp-content\/uploads\/2021\/09\/planejamento.jpg","datePublished":"2019-07-11T15:17:06+00:00","dateModified":"2021-09-20T14:35:35+00:00","author":{"@id":"https:\/\/patrocinados.estadao.com.br\/deloitte-jornada-da-sustentabilidade\/#\/schema\/person\/9be56940425d4f31e0c82015d0fd725f"},"breadcrumb":{"@id":"https:\/\/patrocinados.estadao.com.br\/deloitte-jornada-da-sustentabilidade\/2019\/07\/11\/mercado-competitivo-pede-olhar-atento-a-estrategia\/#breadcrumb"},"inLanguage":"pt-BR","potentialAction":[{"@type":"ReadAction","target":["https:\/\/patrocinados.estadao.com.br\/deloitte-jornada-da-sustentabilidade\/2019\/07\/11\/mercado-competitivo-pede-olhar-atento-a-estrategia\/"]}]},{"@type":"ImageObject","inLanguage":"pt-BR","@id":"https:\/\/patrocinados.estadao.com.br\/deloitte-jornada-da-sustentabilidade\/2019\/07\/11\/mercado-competitivo-pede-olhar-atento-a-estrategia\/#primaryimage","url":"https:\/\/patrocinados.estadao.com.br\/deloitte-jornada-da-sustentabilidade\/wp-content\/uploads\/2021\/09\/planejamento.jpg","contentUrl":"https:\/\/patrocinados.estadao.com.br\/deloitte-jornada-da-sustentabilidade\/wp-content\/uploads\/2021\/09\/planejamento.jpg","width":760,"height":428},{"@type":"BreadcrumbList","@id":"https:\/\/patrocinados.estadao.com.br\/deloitte-jornada-da-sustentabilidade\/2019\/07\/11\/mercado-competitivo-pede-olhar-atento-a-estrategia\/#breadcrumb","itemListElement":[{"@type":"ListItem","position":1,"name":"In\u00edcio","item":"https:\/\/patrocinados.estadao.com.br\/deloitte-jornada-da-sustentabilidade\/"},{"@type":"ListItem","position":2,"name":"Mercado competitivo pede olhar atento \u00e0 estrat\u00e9gia"}]},{"@type":"WebSite","@id":"https:\/\/patrocinados.estadao.com.br\/deloitte-jornada-da-sustentabilidade\/#website","url":"https:\/\/patrocinados.estadao.com.br\/deloitte-jornada-da-sustentabilidade\/","name":"Jornada da Sustentabilidade, oferecido por Deloitte","description":"Solu\u00e7\u00f5es de governan\u00e7a corporativa para seus desafios de neg\u00f3cios","potentialAction":[{"@type":"SearchAction","target":{"@type":"EntryPoint","urlTemplate":"https:\/\/patrocinados.estadao.com.br\/deloitte-jornada-da-sustentabilidade\/?s={search_term_string}"},"query-input":{"@type":"PropertyValueSpecification","valueRequired":true,"valueName":"search_term_string"}}],"inLanguage":"pt-BR"},{"@type":"Person","@id":"https:\/\/patrocinados.estadao.com.br\/deloitte-jornada-da-sustentabilidade\/#\/schema\/person\/9be56940425d4f31e0c82015d0fd725f","name":"Geosfera","image":{"@type":"ImageObject","inLanguage":"pt-BR","@id":"https:\/\/patrocinados.estadao.com.br\/deloitte-jornada-da-sustentabilidade\/#\/schema\/person\/image\/","url":"https:\/\/secure.gravatar.com\/avatar\/9d33d40efdce4963188a84bd4777a5f81f7c8e9cfcc15e6853c05f5cfee4c0ab?s=96&d=mm&r=g","contentUrl":"https:\/\/secure.gravatar.com\/avatar\/9d33d40efdce4963188a84bd4777a5f81f7c8e9cfcc15e6853c05f5cfee4c0ab?s=96&d=mm&r=g","caption":"Geosfera"},"sameAs":["http:\/\/geosfera.com.br"],"url":"https:\/\/patrocinados.estadao.com.br\/deloitte-jornada-da-sustentabilidade\/author\/geosfera_deloitte\/"}]}},"_links":{"self":[{"href":"https:\/\/patrocinados.estadao.com.br\/deloitte-jornada-da-sustentabilidade\/wp-json\/wp\/v2\/posts\/1133","targetHints":{"allow":["GET"]}}],"collection":[{"href":"https:\/\/patrocinados.estadao.com.br\/deloitte-jornada-da-sustentabilidade\/wp-json\/wp\/v2\/posts"}],"about":[{"href":"https:\/\/patrocinados.estadao.com.br\/deloitte-jornada-da-sustentabilidade\/wp-json\/wp\/v2\/types\/post"}],"author":[{"embeddable":true,"href":"https:\/\/patrocinados.estadao.com.br\/deloitte-jornada-da-sustentabilidade\/wp-json\/wp\/v2\/users\/2"}],"replies":[{"embeddable":true,"href":"https:\/\/patrocinados.estadao.com.br\/deloitte-jornada-da-sustentabilidade\/wp-json\/wp\/v2\/comments?post=1133"}],"version-history":[{"count":1,"href":"https:\/\/patrocinados.estadao.com.br\/deloitte-jornada-da-sustentabilidade\/wp-json\/wp\/v2\/posts\/1133\/revisions"}],"predecessor-version":[{"id":1881,"href":"https:\/\/patrocinados.estadao.com.br\/deloitte-jornada-da-sustentabilidade\/wp-json\/wp\/v2\/posts\/1133\/revisions\/1881"}],"wp:featuredmedia":[{"embeddable":true,"href":"https:\/\/patrocinados.estadao.com.br\/deloitte-jornada-da-sustentabilidade\/wp-json\/wp\/v2\/media\/1702"}],"wp:attachment":[{"href":"https:\/\/patrocinados.estadao.com.br\/deloitte-jornada-da-sustentabilidade\/wp-json\/wp\/v2\/media?parent=1133"}],"wp:term":[{"taxonomy":"category","embeddable":true,"href":"https:\/\/patrocinados.estadao.com.br\/deloitte-jornada-da-sustentabilidade\/wp-json\/wp\/v2\/categories?post=1133"},{"taxonomy":"post_tag","embeddable":true,"href":"https:\/\/patrocinados.estadao.com.br\/deloitte-jornada-da-sustentabilidade\/wp-json\/wp\/v2\/tags?post=1133"}],"curies":[{"name":"wp","href":"https:\/\/api.w.org\/{rel}","templated":true}]}}