{"id":109,"date":"2015-02-17T16:54:16","date_gmt":"2015-02-17T16:54:16","guid":{"rendered":"https:\/\/patrocinados.estadao.com.br\/deloitte-esg-esg\/?p=109"},"modified":"2021-09-20T13:00:09","modified_gmt":"2021-09-20T16:00:09","slug":"contingencias-contabeis-e-seus-impactos-financeiros","status":"publish","type":"post","link":"https:\/\/patrocinados.estadao.com.br\/deloitte-jornada-da-sustentabilidade\/2015\/02\/17\/contingencias-contabeis-e-seus-impactos-financeiros\/","title":{"rendered":"Conting\u00eancias cont\u00e1beis e seus impactos financeiros"},"content":{"rendered":"<p>Nos esfor\u00e7os para disseminar as melhores pr\u00e1ticas de governan\u00e7a corporativa, \u00e9 necess\u00e1rio conscientizar as companhias sobre a import\u00e2ncia de se criar um processo eficiente para conhecer melhor e controlar as conting\u00eancias que podem afetar o seu desempenho financeiro e o reporte de resultados. \u00c9 necess\u00e1rio fazer um acompanhamento tempestivo dos processos judiciais, com maior controle sobre o andamento e os custos envolvidos nas a\u00e7\u00f5es.<\/p>\n<p>Define-se por conting\u00eancias a provis\u00e3o que a companhia tem de contabilizar, devido \u00e0s demandas judiciais decorrentes do curso normal das opera\u00e7\u00f5es. Envolvem valores que podem ou n\u00e3o se realizar no futuro, de diversas naturezas: trabalhista, previdenci\u00e1ria, tribut\u00e1ria, c\u00edvel, ambiental, entre tantas outras (confira nos t\u00f3picos a seguir dois exemplos pr\u00e1ticos).<\/p>\n<p><strong>Relacionamento com o consumidor<\/strong><\/p>\n<p>Considere, como exemplo, uma empresa que fez uma grande promo\u00e7\u00e3o na Black Friday \u2013 quando o varejo oferta uma ampla diversidade de produtos com promo\u00e7\u00f5es, inaugurando a fase mais intensa de vendas do per\u00edodo do Natal \u2013 e teve problemas com a entrega dos itens.<\/p>\n<p>Muitos consumidores, sentindo-se lesados, amea\u00e7am acionar a justi\u00e7a para ressarcimento de perdas. Neste caso, a companhia deveria analisar a possibilidade real das causas acontecerem, para eventual reembolso, antes mesmo que ocorram de fato. Trata-se de uma medida preventiva que evita perdas financeiras.<\/p>\n<p><strong>Aspectos trabalhistas: insalubridade<\/strong><\/p>\n<p>Quando um funcion\u00e1rio entra com um processo contra a empresa por insalubridade, deve ser feito um c\u00e1lculo t\u00e9cnico, considerando aspectos como o sal\u00e1rio do funcion\u00e1rio e o percentual de insalubridade, por exemplo. Toda empresa deve criar um mecanismo que determine o valor prov\u00e1vel de desembolso, para tornar sua provis\u00e3o o mais pr\u00f3ximo poss\u00edvel da realidade.<\/p>\n<p><strong>Estrat\u00e9gia e preven\u00e7\u00e3o<\/strong><\/p>\n<p>Dependendo do porte e da \u00e1rea de atua\u00e7\u00e3o, a companhia pode ter um custo alto, por conta de diversas a\u00e7\u00f5es que v\u00e3o se estendendo ao longo dos anos e que, ao final, terminam em perdas financeiras. Neste caso, pode ser desenvolvida uma estrat\u00e9gia de negocia\u00e7\u00e3o, estudando a possibilidade de acordos, medidas que possam ser adotadas para minimizar perdas e abreviar o prazo de cada processo.<\/p>\n<p>Ao ser acionada na Justi\u00e7a, para se defender, a empresa j\u00e1 tem custos, com dep\u00f3sito de garantia em ju\u00edzo. Considerando que esses custos podem vir pulverizados, em diversas e pequenas causas, \u00e9 fundamental acompanhar o andamento desses processos de perto para evitar que esses custos tenham maior impacto do que o esperado. Para isso, as \u00e1reas cont\u00e1bil e legal das empresas precisam andar juntas, avaliando o est\u00e1gio da demanda.<\/p>\n<p>As companhias precisam analisar sua potencial perda, visando adotar uma estrat\u00e9gia eficiente para minimiz\u00e1-la. Devem considerar a relev\u00e2ncia do tema, n\u00e3o apenas para efeitos cont\u00e1beis, com um controle fidedigno de custos envolvidos, para efeito de gest\u00e3o.<\/p>\n<p><strong>Mais governan\u00e7a para os neg\u00f3cios<\/strong><br \/>\nConfira em <a href=\"http:\/\/www.deloitte.com.br\" target=\"_blank\" rel=\"noopener noreferrer\">www.deloitte.com.br<\/a> mais conte\u00fados sobre governan\u00e7a corporativa.<\/p>\n","protected":false},"excerpt":{"rendered":"<p>\u00c9 preciso criar um processo eficiente para lidar com as diversas vari\u00e1veis que podem afetar o desempenho financeiro e os resultados<\/p>\n","protected":false},"author":2,"featured_media":1717,"comment_status":"open","ping_status":"closed","sticky":false,"template":"","format":"standard","meta":{"_acf_changed":false,"footnotes":""},"categories":[1],"tags":[],"class_list":["post-109","post","type-post","status-publish","format-standard","has-post-thumbnail","hentry","category-sem-categoria"],"acf":[],"yoast_head":"<!-- This site is optimized with the Yoast SEO plugin v27.1.1 - https:\/\/yoast.com\/product\/yoast-seo-wordpress\/ -->\n<title>Conting\u00eancias cont\u00e1beis e seus impactos financeiros - Jornada da Sustentabilidade, oferecido por Deloitte<\/title>\n<meta name=\"robots\" content=\"index, follow, max-snippet:-1, max-image-preview:large, max-video-preview:-1\" \/>\n<link rel=\"canonical\" href=\"https:\/\/patrocinados.estadao.com.br\/deloitte-jornada-da-sustentabilidade\/2015\/02\/17\/contingencias-contabeis-e-seus-impactos-financeiros\/\" \/>\n<meta property=\"og:locale\" content=\"pt_BR\" \/>\n<meta property=\"og:type\" content=\"article\" \/>\n<meta property=\"og:title\" content=\"Conting\u00eancias cont\u00e1beis e seus impactos financeiros - Jornada da Sustentabilidade, oferecido por Deloitte\" \/>\n<meta property=\"og:description\" content=\"\u00c9 preciso criar um processo eficiente para lidar com as diversas vari\u00e1veis que podem afetar o desempenho financeiro e os resultados\" \/>\n<meta property=\"og:url\" content=\"https:\/\/patrocinados.estadao.com.br\/deloitte-jornada-da-sustentabilidade\/2015\/02\/17\/contingencias-contabeis-e-seus-impactos-financeiros\/\" \/>\n<meta property=\"og:site_name\" content=\"Jornada da Sustentabilidade, oferecido por Deloitte\" \/>\n<meta property=\"article:published_time\" content=\"2015-02-17T16:54:16+00:00\" \/>\n<meta property=\"article:modified_time\" content=\"2021-09-20T16:00:09+00:00\" \/>\n<meta property=\"og:image\" content=\"https:\/\/patrocinados.estadao.com.br\/deloitte-jornada-da-sustentabilidade\/wp-content\/uploads\/2021\/09\/9_entrega_932.jpg\" \/>\n\t<meta property=\"og:image:width\" content=\"932\" \/>\n\t<meta property=\"og:image:height\" content=\"524\" \/>\n\t<meta property=\"og:image:type\" content=\"image\/jpeg\" \/>\n<meta name=\"author\" content=\"Geosfera\" \/>\n<meta name=\"twitter:card\" content=\"summary_large_image\" \/>\n<meta name=\"twitter:label1\" content=\"Escrito por\" \/>\n\t<meta name=\"twitter:data1\" content=\"Geosfera\" \/>\n\t<meta name=\"twitter:label2\" content=\"Est. tempo de leitura\" \/>\n\t<meta name=\"twitter:data2\" content=\"3 minutos\" \/>\n<script type=\"application\/ld+json\" class=\"yoast-schema-graph\">{\"@context\":\"https:\/\/schema.org\",\"@graph\":[{\"@type\":\"Article\",\"@id\":\"https:\/\/patrocinados.estadao.com.br\/deloitte-jornada-da-sustentabilidade\/2015\/02\/17\/contingencias-contabeis-e-seus-impactos-financeiros\/#article\",\"isPartOf\":{\"@id\":\"https:\/\/patrocinados.estadao.com.br\/deloitte-jornada-da-sustentabilidade\/2015\/02\/17\/contingencias-contabeis-e-seus-impactos-financeiros\/\"},\"author\":{\"name\":\"Geosfera\",\"@id\":\"https:\/\/patrocinados.estadao.com.br\/deloitte-jornada-da-sustentabilidade\/#\/schema\/person\/9be56940425d4f31e0c82015d0fd725f\"},\"headline\":\"Conting\u00eancias cont\u00e1beis e seus impactos financeiros\",\"datePublished\":\"2015-02-17T16:54:16+00:00\",\"dateModified\":\"2021-09-20T16:00:09+00:00\",\"mainEntityOfPage\":{\"@id\":\"https:\/\/patrocinados.estadao.com.br\/deloitte-jornada-da-sustentabilidade\/2015\/02\/17\/contingencias-contabeis-e-seus-impactos-financeiros\/\"},\"wordCount\":508,\"commentCount\":0,\"image\":{\"@id\":\"https:\/\/patrocinados.estadao.com.br\/deloitte-jornada-da-sustentabilidade\/2015\/02\/17\/contingencias-contabeis-e-seus-impactos-financeiros\/#primaryimage\"},\"thumbnailUrl\":\"https:\/\/patrocinados.estadao.com.br\/deloitte-jornada-da-sustentabilidade\/wp-content\/uploads\/2021\/09\/9_entrega_932.jpg\",\"inLanguage\":\"pt-BR\",\"potentialAction\":[{\"@type\":\"CommentAction\",\"name\":\"Comment\",\"target\":[\"https:\/\/patrocinados.estadao.com.br\/deloitte-jornada-da-sustentabilidade\/2015\/02\/17\/contingencias-contabeis-e-seus-impactos-financeiros\/#respond\"]}]},{\"@type\":\"WebPage\",\"@id\":\"https:\/\/patrocinados.estadao.com.br\/deloitte-jornada-da-sustentabilidade\/2015\/02\/17\/contingencias-contabeis-e-seus-impactos-financeiros\/\",\"url\":\"https:\/\/patrocinados.estadao.com.br\/deloitte-jornada-da-sustentabilidade\/2015\/02\/17\/contingencias-contabeis-e-seus-impactos-financeiros\/\",\"name\":\"Conting\u00eancias cont\u00e1beis e seus impactos financeiros - Jornada da Sustentabilidade, oferecido por Deloitte\",\"isPartOf\":{\"@id\":\"https:\/\/patrocinados.estadao.com.br\/deloitte-jornada-da-sustentabilidade\/#website\"},\"primaryImageOfPage\":{\"@id\":\"https:\/\/patrocinados.estadao.com.br\/deloitte-jornada-da-sustentabilidade\/2015\/02\/17\/contingencias-contabeis-e-seus-impactos-financeiros\/#primaryimage\"},\"image\":{\"@id\":\"https:\/\/patrocinados.estadao.com.br\/deloitte-jornada-da-sustentabilidade\/2015\/02\/17\/contingencias-contabeis-e-seus-impactos-financeiros\/#primaryimage\"},\"thumbnailUrl\":\"https:\/\/patrocinados.estadao.com.br\/deloitte-jornada-da-sustentabilidade\/wp-content\/uploads\/2021\/09\/9_entrega_932.jpg\",\"datePublished\":\"2015-02-17T16:54:16+00:00\",\"dateModified\":\"2021-09-20T16:00:09+00:00\",\"author\":{\"@id\":\"https:\/\/patrocinados.estadao.com.br\/deloitte-jornada-da-sustentabilidade\/#\/schema\/person\/9be56940425d4f31e0c82015d0fd725f\"},\"breadcrumb\":{\"@id\":\"https:\/\/patrocinados.estadao.com.br\/deloitte-jornada-da-sustentabilidade\/2015\/02\/17\/contingencias-contabeis-e-seus-impactos-financeiros\/#breadcrumb\"},\"inLanguage\":\"pt-BR\",\"potentialAction\":[{\"@type\":\"ReadAction\",\"target\":[\"https:\/\/patrocinados.estadao.com.br\/deloitte-jornada-da-sustentabilidade\/2015\/02\/17\/contingencias-contabeis-e-seus-impactos-financeiros\/\"]}]},{\"@type\":\"ImageObject\",\"inLanguage\":\"pt-BR\",\"@id\":\"https:\/\/patrocinados.estadao.com.br\/deloitte-jornada-da-sustentabilidade\/2015\/02\/17\/contingencias-contabeis-e-seus-impactos-financeiros\/#primaryimage\",\"url\":\"https:\/\/patrocinados.estadao.com.br\/deloitte-jornada-da-sustentabilidade\/wp-content\/uploads\/2021\/09\/9_entrega_932.jpg\",\"contentUrl\":\"https:\/\/patrocinados.estadao.com.br\/deloitte-jornada-da-sustentabilidade\/wp-content\/uploads\/2021\/09\/9_entrega_932.jpg\",\"width\":932,\"height\":524},{\"@type\":\"BreadcrumbList\",\"@id\":\"https:\/\/patrocinados.estadao.com.br\/deloitte-jornada-da-sustentabilidade\/2015\/02\/17\/contingencias-contabeis-e-seus-impactos-financeiros\/#breadcrumb\",\"itemListElement\":[{\"@type\":\"ListItem\",\"position\":1,\"name\":\"In\u00edcio\",\"item\":\"https:\/\/patrocinados.estadao.com.br\/deloitte-jornada-da-sustentabilidade\/\"},{\"@type\":\"ListItem\",\"position\":2,\"name\":\"Conting\u00eancias cont\u00e1beis e seus impactos financeiros\"}]},{\"@type\":\"WebSite\",\"@id\":\"https:\/\/patrocinados.estadao.com.br\/deloitte-jornada-da-sustentabilidade\/#website\",\"url\":\"https:\/\/patrocinados.estadao.com.br\/deloitte-jornada-da-sustentabilidade\/\",\"name\":\"Jornada da Sustentabilidade, oferecido por Deloitte\",\"description\":\"Solu\u00e7\u00f5es de governan\u00e7a corporativa para seus desafios de neg\u00f3cios\",\"potentialAction\":[{\"@type\":\"SearchAction\",\"target\":{\"@type\":\"EntryPoint\",\"urlTemplate\":\"https:\/\/patrocinados.estadao.com.br\/deloitte-jornada-da-sustentabilidade\/?s={search_term_string}\"},\"query-input\":{\"@type\":\"PropertyValueSpecification\",\"valueRequired\":true,\"valueName\":\"search_term_string\"}}],\"inLanguage\":\"pt-BR\"},{\"@type\":\"Person\",\"@id\":\"https:\/\/patrocinados.estadao.com.br\/deloitte-jornada-da-sustentabilidade\/#\/schema\/person\/9be56940425d4f31e0c82015d0fd725f\",\"name\":\"Geosfera\",\"image\":{\"@type\":\"ImageObject\",\"inLanguage\":\"pt-BR\",\"@id\":\"https:\/\/patrocinados.estadao.com.br\/deloitte-jornada-da-sustentabilidade\/#\/schema\/person\/image\/\",\"url\":\"https:\/\/secure.gravatar.com\/avatar\/9d33d40efdce4963188a84bd4777a5f81f7c8e9cfcc15e6853c05f5cfee4c0ab?s=96&d=mm&r=g\",\"contentUrl\":\"https:\/\/secure.gravatar.com\/avatar\/9d33d40efdce4963188a84bd4777a5f81f7c8e9cfcc15e6853c05f5cfee4c0ab?s=96&d=mm&r=g\",\"caption\":\"Geosfera\"},\"sameAs\":[\"http:\/\/geosfera.com.br\"],\"url\":\"https:\/\/patrocinados.estadao.com.br\/deloitte-jornada-da-sustentabilidade\/author\/geosfera_deloitte\/\"}]}<\/script>\n<!-- \/ Yoast SEO plugin. -->","yoast_head_json":{"title":"Conting\u00eancias cont\u00e1beis e seus impactos financeiros - Jornada da Sustentabilidade, oferecido por Deloitte","robots":{"index":"index","follow":"follow","max-snippet":"max-snippet:-1","max-image-preview":"max-image-preview:large","max-video-preview":"max-video-preview:-1"},"canonical":"https:\/\/patrocinados.estadao.com.br\/deloitte-jornada-da-sustentabilidade\/2015\/02\/17\/contingencias-contabeis-e-seus-impactos-financeiros\/","og_locale":"pt_BR","og_type":"article","og_title":"Conting\u00eancias cont\u00e1beis e seus impactos financeiros - Jornada da Sustentabilidade, oferecido por Deloitte","og_description":"\u00c9 preciso criar um processo eficiente para lidar com as diversas vari\u00e1veis que podem afetar o desempenho financeiro e os resultados","og_url":"https:\/\/patrocinados.estadao.com.br\/deloitte-jornada-da-sustentabilidade\/2015\/02\/17\/contingencias-contabeis-e-seus-impactos-financeiros\/","og_site_name":"Jornada da Sustentabilidade, oferecido por Deloitte","article_published_time":"2015-02-17T16:54:16+00:00","article_modified_time":"2021-09-20T16:00:09+00:00","og_image":[{"width":932,"height":524,"url":"https:\/\/patrocinados.estadao.com.br\/deloitte-jornada-da-sustentabilidade\/wp-content\/uploads\/2021\/09\/9_entrega_932.jpg","type":"image\/jpeg"}],"author":"Geosfera","twitter_card":"summary_large_image","twitter_misc":{"Escrito por":"Geosfera","Est. tempo de leitura":"3 minutos"},"schema":{"@context":"https:\/\/schema.org","@graph":[{"@type":"Article","@id":"https:\/\/patrocinados.estadao.com.br\/deloitte-jornada-da-sustentabilidade\/2015\/02\/17\/contingencias-contabeis-e-seus-impactos-financeiros\/#article","isPartOf":{"@id":"https:\/\/patrocinados.estadao.com.br\/deloitte-jornada-da-sustentabilidade\/2015\/02\/17\/contingencias-contabeis-e-seus-impactos-financeiros\/"},"author":{"name":"Geosfera","@id":"https:\/\/patrocinados.estadao.com.br\/deloitte-jornada-da-sustentabilidade\/#\/schema\/person\/9be56940425d4f31e0c82015d0fd725f"},"headline":"Conting\u00eancias cont\u00e1beis e seus impactos financeiros","datePublished":"2015-02-17T16:54:16+00:00","dateModified":"2021-09-20T16:00:09+00:00","mainEntityOfPage":{"@id":"https:\/\/patrocinados.estadao.com.br\/deloitte-jornada-da-sustentabilidade\/2015\/02\/17\/contingencias-contabeis-e-seus-impactos-financeiros\/"},"wordCount":508,"commentCount":0,"image":{"@id":"https:\/\/patrocinados.estadao.com.br\/deloitte-jornada-da-sustentabilidade\/2015\/02\/17\/contingencias-contabeis-e-seus-impactos-financeiros\/#primaryimage"},"thumbnailUrl":"https:\/\/patrocinados.estadao.com.br\/deloitte-jornada-da-sustentabilidade\/wp-content\/uploads\/2021\/09\/9_entrega_932.jpg","inLanguage":"pt-BR","potentialAction":[{"@type":"CommentAction","name":"Comment","target":["https:\/\/patrocinados.estadao.com.br\/deloitte-jornada-da-sustentabilidade\/2015\/02\/17\/contingencias-contabeis-e-seus-impactos-financeiros\/#respond"]}]},{"@type":"WebPage","@id":"https:\/\/patrocinados.estadao.com.br\/deloitte-jornada-da-sustentabilidade\/2015\/02\/17\/contingencias-contabeis-e-seus-impactos-financeiros\/","url":"https:\/\/patrocinados.estadao.com.br\/deloitte-jornada-da-sustentabilidade\/2015\/02\/17\/contingencias-contabeis-e-seus-impactos-financeiros\/","name":"Conting\u00eancias cont\u00e1beis e seus impactos financeiros - Jornada da Sustentabilidade, oferecido por Deloitte","isPartOf":{"@id":"https:\/\/patrocinados.estadao.com.br\/deloitte-jornada-da-sustentabilidade\/#website"},"primaryImageOfPage":{"@id":"https:\/\/patrocinados.estadao.com.br\/deloitte-jornada-da-sustentabilidade\/2015\/02\/17\/contingencias-contabeis-e-seus-impactos-financeiros\/#primaryimage"},"image":{"@id":"https:\/\/patrocinados.estadao.com.br\/deloitte-jornada-da-sustentabilidade\/2015\/02\/17\/contingencias-contabeis-e-seus-impactos-financeiros\/#primaryimage"},"thumbnailUrl":"https:\/\/patrocinados.estadao.com.br\/deloitte-jornada-da-sustentabilidade\/wp-content\/uploads\/2021\/09\/9_entrega_932.jpg","datePublished":"2015-02-17T16:54:16+00:00","dateModified":"2021-09-20T16:00:09+00:00","author":{"@id":"https:\/\/patrocinados.estadao.com.br\/deloitte-jornada-da-sustentabilidade\/#\/schema\/person\/9be56940425d4f31e0c82015d0fd725f"},"breadcrumb":{"@id":"https:\/\/patrocinados.estadao.com.br\/deloitte-jornada-da-sustentabilidade\/2015\/02\/17\/contingencias-contabeis-e-seus-impactos-financeiros\/#breadcrumb"},"inLanguage":"pt-BR","potentialAction":[{"@type":"ReadAction","target":["https:\/\/patrocinados.estadao.com.br\/deloitte-jornada-da-sustentabilidade\/2015\/02\/17\/contingencias-contabeis-e-seus-impactos-financeiros\/"]}]},{"@type":"ImageObject","inLanguage":"pt-BR","@id":"https:\/\/patrocinados.estadao.com.br\/deloitte-jornada-da-sustentabilidade\/2015\/02\/17\/contingencias-contabeis-e-seus-impactos-financeiros\/#primaryimage","url":"https:\/\/patrocinados.estadao.com.br\/deloitte-jornada-da-sustentabilidade\/wp-content\/uploads\/2021\/09\/9_entrega_932.jpg","contentUrl":"https:\/\/patrocinados.estadao.com.br\/deloitte-jornada-da-sustentabilidade\/wp-content\/uploads\/2021\/09\/9_entrega_932.jpg","width":932,"height":524},{"@type":"BreadcrumbList","@id":"https:\/\/patrocinados.estadao.com.br\/deloitte-jornada-da-sustentabilidade\/2015\/02\/17\/contingencias-contabeis-e-seus-impactos-financeiros\/#breadcrumb","itemListElement":[{"@type":"ListItem","position":1,"name":"In\u00edcio","item":"https:\/\/patrocinados.estadao.com.br\/deloitte-jornada-da-sustentabilidade\/"},{"@type":"ListItem","position":2,"name":"Conting\u00eancias cont\u00e1beis e seus impactos financeiros"}]},{"@type":"WebSite","@id":"https:\/\/patrocinados.estadao.com.br\/deloitte-jornada-da-sustentabilidade\/#website","url":"https:\/\/patrocinados.estadao.com.br\/deloitte-jornada-da-sustentabilidade\/","name":"Jornada da Sustentabilidade, oferecido por Deloitte","description":"Solu\u00e7\u00f5es de governan\u00e7a corporativa para seus desafios de neg\u00f3cios","potentialAction":[{"@type":"SearchAction","target":{"@type":"EntryPoint","urlTemplate":"https:\/\/patrocinados.estadao.com.br\/deloitte-jornada-da-sustentabilidade\/?s={search_term_string}"},"query-input":{"@type":"PropertyValueSpecification","valueRequired":true,"valueName":"search_term_string"}}],"inLanguage":"pt-BR"},{"@type":"Person","@id":"https:\/\/patrocinados.estadao.com.br\/deloitte-jornada-da-sustentabilidade\/#\/schema\/person\/9be56940425d4f31e0c82015d0fd725f","name":"Geosfera","image":{"@type":"ImageObject","inLanguage":"pt-BR","@id":"https:\/\/patrocinados.estadao.com.br\/deloitte-jornada-da-sustentabilidade\/#\/schema\/person\/image\/","url":"https:\/\/secure.gravatar.com\/avatar\/9d33d40efdce4963188a84bd4777a5f81f7c8e9cfcc15e6853c05f5cfee4c0ab?s=96&d=mm&r=g","contentUrl":"https:\/\/secure.gravatar.com\/avatar\/9d33d40efdce4963188a84bd4777a5f81f7c8e9cfcc15e6853c05f5cfee4c0ab?s=96&d=mm&r=g","caption":"Geosfera"},"sameAs":["http:\/\/geosfera.com.br"],"url":"https:\/\/patrocinados.estadao.com.br\/deloitte-jornada-da-sustentabilidade\/author\/geosfera_deloitte\/"}]}},"_links":{"self":[{"href":"https:\/\/patrocinados.estadao.com.br\/deloitte-jornada-da-sustentabilidade\/wp-json\/wp\/v2\/posts\/109","targetHints":{"allow":["GET"]}}],"collection":[{"href":"https:\/\/patrocinados.estadao.com.br\/deloitte-jornada-da-sustentabilidade\/wp-json\/wp\/v2\/posts"}],"about":[{"href":"https:\/\/patrocinados.estadao.com.br\/deloitte-jornada-da-sustentabilidade\/wp-json\/wp\/v2\/types\/post"}],"author":[{"embeddable":true,"href":"https:\/\/patrocinados.estadao.com.br\/deloitte-jornada-da-sustentabilidade\/wp-json\/wp\/v2\/users\/2"}],"replies":[{"embeddable":true,"href":"https:\/\/patrocinados.estadao.com.br\/deloitte-jornada-da-sustentabilidade\/wp-json\/wp\/v2\/comments?post=109"}],"version-history":[{"count":1,"href":"https:\/\/patrocinados.estadao.com.br\/deloitte-jornada-da-sustentabilidade\/wp-json\/wp\/v2\/posts\/109\/revisions"}],"predecessor-version":[{"id":1991,"href":"https:\/\/patrocinados.estadao.com.br\/deloitte-jornada-da-sustentabilidade\/wp-json\/wp\/v2\/posts\/109\/revisions\/1991"}],"wp:featuredmedia":[{"embeddable":true,"href":"https:\/\/patrocinados.estadao.com.br\/deloitte-jornada-da-sustentabilidade\/wp-json\/wp\/v2\/media\/1717"}],"wp:attachment":[{"href":"https:\/\/patrocinados.estadao.com.br\/deloitte-jornada-da-sustentabilidade\/wp-json\/wp\/v2\/media?parent=109"}],"wp:term":[{"taxonomy":"category","embeddable":true,"href":"https:\/\/patrocinados.estadao.com.br\/deloitte-jornada-da-sustentabilidade\/wp-json\/wp\/v2\/categories?post=109"},{"taxonomy":"post_tag","embeddable":true,"href":"https:\/\/patrocinados.estadao.com.br\/deloitte-jornada-da-sustentabilidade\/wp-json\/wp\/v2\/tags?post=109"}],"curies":[{"name":"wp","href":"https:\/\/api.w.org\/{rel}","templated":true}]}}