{"id":1077,"date":"2019-05-14T09:00:47","date_gmt":"2019-05-14T09:00:47","guid":{"rendered":"https:\/\/patrocinados.estadao.com.br\/deloitte-esg-esg\/?p=1077"},"modified":"2021-09-20T11:36:17","modified_gmt":"2021-09-20T14:36:17","slug":"analytics-e-prioridade-estrategica-em-auditoria-interna","status":"publish","type":"post","link":"https:\/\/patrocinados.estadao.com.br\/deloitte-jornada-da-sustentabilidade\/2019\/05\/14\/analytics-e-prioridade-estrategica-em-auditoria-interna\/","title":{"rendered":"Analytics \u00e9 prioridade estrat\u00e9gica em Auditoria Interna"},"content":{"rendered":"<p>O data analytics \u00e9 destaque entre as inova\u00e7\u00f5es que mais ganhar\u00e3o espa\u00e7o nas \u00e1reas de Auditoria Interna (AI) em um per\u00edodo de tr\u00eas a cinco anos, representando a principal prioridade estrat\u00e9gica nas empresas. \u00c9 o que revela pesquisa realizada pela Deloitte, em parceria com o Instituto dos Auditores Internos do Brasil (IIA Brasil), <a href=\"https:\/\/www2.deloitte.com\/br\/pt\/pages\/risk\/articles\/auditoria-interna-brasil-2018.html\" target=\"_blank\" rel=\"noopener noreferrer\">\u201cAuditoria Interna no Brasil \u2013 rumo \u00e0 consolida\u00e7\u00e3o do impacto e da influ\u00eancia\u201d<\/a>.<\/p>\n<p>\u201cComo em outros segmentos empresariais, na Auditoria Interna essa tend\u00eancia faz parte processo de transforma\u00e7\u00e3o dos neg\u00f3cios e da digitaliza\u00e7\u00e3o crescente que vivenciamos, fruto do uso de sistemas e aplicativos cada vez mais sofisticados, integrados e complexos\u201d, esclarece Paulo Vitale, s\u00f3cio da \u00e1rea de Risk Advisory da Deloitte.\u00a0 \u201cIsso ir\u00e1 alterar bastante o modo de planejar os trabalhos de AI, bem como a forma de executar as revis\u00f5es e comunicar os resultados da \u00e1rea.\u201d<\/p>\n<p>Para o executivo, a ado\u00e7\u00e3o de data analytics traz mais agilidade, aumenta a abrang\u00eancia dos trabalhos e traz resultados muito mais assertivos que consideram n\u00e3o somente o reporte de riscos e temas ocorridos no passado, mas tamb\u00e9m abre espa\u00e7o para discuss\u00e3o de tend\u00eancias e perspectivas futuras do neg\u00f3cio, o que torna a Auditoria Interna uma excelente ferramenta de apoio \u00e0s decis\u00f5es empresariais.<\/p>\n<p><strong>Al\u00e9m da inova\u00e7\u00e3o: aprimoramento<\/strong><\/p>\n<p>O estudo revela tamb\u00e9m que h\u00e1 uma correla\u00e7\u00e3o entre \u00e1reas de AI que mais possuem impacto e influ\u00eancia e aquelas que t\u00eam foco em inova\u00e7\u00e3o e aprimoramento constante, seja pela ado\u00e7\u00e3o de novas tecnologias (como rob\u00f3tica e analytics), seja pela reestrutura\u00e7\u00e3o de seus processos (Auditoria Interna \u00e1gil, aumento do percentual de trabalhos com foco \u201cconsultivo\u201d) e ado\u00e7\u00e3o de novos m\u00e9todos de aloca\u00e7\u00e3o de pessoas, como programas de auditores convidados e de rota\u00e7\u00e3o de profissionais e envolvimento de especialistas externos em temas espec\u00edficos, quando necess\u00e1rio.<\/p>\n<p>\u201cEssas iniciativas resultam em um processo de AI mais objetivo, \u00e1gil, din\u00e2mico e com respostas assertivas e de alto valor agregado, colaborando muito com o processo decis\u00f3rio dos stakeholders\u201d, ressalta Paulo Vitale.<\/p>\n<p>Ele conta que as \u00e1reas de Auditoria Interna com pr\u00e1ticas mais avan\u00e7adas tamb\u00e9m est\u00e3o ampliando seus servi\u00e7os para abordar temas mais estrat\u00e9gicos e com perfil mais consultivo, como inova\u00e7\u00e3o, avalia\u00e7\u00e3o da cultura organizacional e dos riscos cibern\u00e9ticos.<\/p>\n<p><strong>Investimento x or\u00e7amento<\/strong><\/p>\n<p>A pesquisa aponta que 56% dos respondentes esperam aumentar o investimento em inova\u00e7\u00e3o pela \u00e1rea de Auditoria Interna. Ao mesmo tempo, &#8220;or\u00e7amento insuficiente&#8221; foi o desafio mais mencionado, com 35% das respostas, o que demonstra a necessidade de uma gest\u00e3o financeira estrat\u00e9gica e utiliza\u00e7\u00e3o racional e otimizada de recursos, indispens\u00e1vel para atender os crescentes desafios e novas expectativas externadas pelas inst\u00e2ncias de governan\u00e7a das empresas.<\/p>\n<p>\u201cEste resultado reflete o ambiente econ\u00f4mico vivenciado nos \u00faltimos dois ou tr\u00eas anos, pautado por redu\u00e7\u00e3o de investimentos e conten\u00e7\u00e3o de gastos\u201d, pontua Paulo Vitale. A pesquisa demonstra, no entanto, que o processo de inova\u00e7\u00e3o n\u00e3o deve ser encarado como uma iniciativa pontual, mas sim fazer parte da agenda dos conselheiros e auditores internos.\u00a0\u201cEstes devem repensar constantemente os m\u00e9todos e tecnologias empregados, no sentido de desafiar suas estruturas a fazerem trabalhos por meio de uma abordagem cada vez mais \u00e1gil, eficiente e que traga resultados mensur\u00e1veis e de alto valor agregado\u201d, ressalta.<\/p>\n<p><strong>Vis\u00e3o abrangente para os neg\u00f3cios<\/strong><\/p>\n<p>Diversas tend\u00eancias \u2013 incluindo disruptura digital, novos modelos de neg\u00f3cios, mudan\u00e7as na regulamenta\u00e7\u00e3o e rela\u00e7\u00f5es complexas com parceiros geradas por ecossistemas de neg\u00f3cios \u2013 levaram a uma transforma\u00e7\u00e3o do papel da Auditoria Interna.<\/p>\n<p>\u00c0 medida que as organiza\u00e7\u00f5es atuam em cen\u00e1rios cada vez mais complexos e desafiadores, existe uma necessidade\u00a0 crescente por assegura\u00e7\u00e3o, conformidade e assessoramento. Nesse sentido, a \u00e1rea de Auditoria Interna deve ser encarada como uma fun\u00e7\u00e3o estrat\u00e9gica, que pode no suporte do processo decis\u00f3rio, trazendo conforto aos conselheiros e executivos de que os neg\u00f3cios est\u00e3o sendo conduzidos com base nas expectativas existentes, de acordo com as regras do neg\u00f3cio e alinhados \u00e0s estrat\u00e9gias definidas. A Auditoria Interna, pela abrang\u00eancia de sua atua\u00e7\u00e3o, pela sua independ\u00eancia e pelo n\u00edvel de reporte \u00e0s mais altas inst\u00e2ncias de governan\u00e7a \u00e9 a mais adequada para prover tais respostas, voltadas \u00e0 preserva\u00e7\u00e3o e \u00e0 cria\u00e7\u00e3o de valor dentro das organiza\u00e7\u00f5es\u201d.<\/p>\n<p>\u201cDe modo geral, o estudo demonstra que as pr\u00e1ticas adotadas no Brasil s\u00e3o equivalentes \u00e0s adotadas mundialmente e, em alguns pontos, at\u00e9 mais avan\u00e7adas.\u00a0Os n\u00edveis executivos e de conselho t\u00eam na Auditoria Interna um apoio valioso para suportar suas decis\u00f5es de neg\u00f3cios\u201d, diz Vitale.<\/p>\n<p><strong>Outras prioridades estrat\u00e9gicas da \u00e1rea de Auditoria Interna no Brasil nos pr\u00f3ximos cinco anos;<\/strong><\/p>\n<ul>\n<li><strong>Implementar analytics<\/strong> na \u00e1rea exige, principalmente, o acesso aos talentos certos \u2013 seja contratando ou treinando funcion\u00e1rios, ou ainda considerando modelos alternativos, como envolvimento de especialistas externos para fornecer metodologia e apoio tempor\u00e1rio ao processo de implementa\u00e7\u00e3o.<\/li>\n<li><strong>Uma maior integra\u00e7\u00e3o<\/strong> com as atividades da segunda linha de defesa (que inclui fun\u00e7\u00f5es de gerenciamento de riscos e conformidade) ganha import\u00e2ncia entre os executivos do Pa\u00eds. Economicamente, essa iniciativa colabora com a necessidade das organiza\u00e7\u00f5es de fazer mais com menos, \u00e0 medida que a integra\u00e7\u00e3o das linhas de defesa permite ganhos de sinergia e complementariedade na atua\u00e7\u00e3o da AI.<\/li>\n<li><strong>Implementar tecnologias cognitivas ou RPA<\/strong> \u00e9 algo que as \u00e1reas de AI t\u00eam aplicado na busca por mais efici\u00eancia e efetividade, seja no uso desses recursos para apoiar seu enfoque de trabalho ou na cria\u00e7\u00e3o de capacidades para poder auditar processos com essas caracter\u00edsticas. Ao automatizar processos, \u00e9 poss\u00edvel aumentar a produtividade, diminuir os erros e dedicar mais o tempo dos profissionais que estavam focados em controles e processos a uma abordagem mais estrat\u00e9gica e consultiva.<\/li>\n<li><strong>Fortalecer o \u201cpipeline\u201d de talentos <\/strong>exige que a Auditoria Interna seja um polo de atra\u00e7\u00e3o de pessoas. Uma marca forte dentro da organiza\u00e7\u00e3o \u00e9 um fator positivo, uma vez que a Auditoria Interna representa uma excelente oportunidade para a acelera\u00e7\u00e3o de carreira e para a forma\u00e7\u00e3o de l\u00edderes na organiza\u00e7\u00e3o. Al\u00e9m disso, \u00e0 medida que a \u00e1rea se torna mais envolvida, din\u00e2mica, \u00e1gil, inovadora e voltada para o futuro, atrair\u00e1 indiv\u00edduos que pensam dessa maneira.<\/li>\n<li><strong>Aprimorar a qualidade <\/strong>da Auditoria Interna requer repensar constantemente a melhoria do enfoque de trabalho, a ado\u00e7\u00e3o de ferramentas e m\u00e9todos automatizados e a forte capacita\u00e7\u00e3o dos profissionais da \u00e1rea.<\/li>\n<\/ul>\n<p><strong>Principais destaques da pesquisa:<\/strong><\/p>\n<p><strong>Quais inova\u00e7\u00f5es impactar\u00e3o a Auditoria Interna em um per\u00edodo de tr\u00eas a cinco anos?<\/strong><\/p>\n<ul>\n<li>23% Data analytics<\/li>\n<li>20% Tecnologias cognitivas RPA<\/li>\n<li>18% Antecipa\u00e7\u00e3o de riscos<\/li>\n<li>11% An\u00e1lise preditiva<\/li>\n<li>9% Implementa\u00e7\u00e3o de Auditoria Interna<\/li>\n<li>6% Novos modelos de opera\u00e7\u00e3o ao longo das tr\u00eas linhas de defesa<\/li>\n<\/ul>\n<p><strong>Desafios de impacto enfrentados pela \u00e1rea (respostas m\u00faltiplas):<\/strong><\/p>\n<ul>\n<li>35% Or\u00e7amento insuficiente<\/li>\n<li>29% Escopo restrito para a realiza\u00e7\u00e3o de atividades de assurance<\/li>\n<li>27% Limita\u00e7\u00e3o para a realiza\u00e7\u00e3o de atividades consultivas<\/li>\n<li>21% Falta de visibilidade e autoridade devido \u00e0 hierarquia de reporte<\/li>\n<li>17% Falta de habilidades-chave ou talentos<\/li>\n<li>12% outros<\/li>\n<li>5% n\u00e3o t\u00eam certeza<\/li>\n<\/ul>\n<p><strong>Acesse a pesquisa <\/strong><a href=\"https:\/\/www2.deloitte.com\/br\/pt\/pages\/risk\/articles\/auditoria-interna-brasil-2018.html\" target=\"_blank\" rel=\"noopener noreferrer\">\u201cAuditoria Interna no Brasil \u2013 rumo \u00e0 consolida\u00e7\u00e3o do impacto e da influ\u00eancia\u201d<\/a> <strong>na \u00edntegra<\/strong><\/p>\n","protected":false},"excerpt":{"rendered":"<p>Pesquisa da Deloitte aponta que 56% dos respondentes esperam aumentar o investimento em inova\u00e7\u00e3o pela \u00e1rea de Auditoria Interna<\/p>\n","protected":false},"author":2,"featured_media":1706,"comment_status":"open","ping_status":"closed","sticky":false,"template":"","format":"standard","meta":{"_acf_changed":false,"footnotes":""},"categories":[1],"tags":[],"class_list":["post-1077","post","type-post","status-publish","format-standard","has-post-thumbnail","hentry","category-sem-categoria"],"acf":[],"yoast_head":"<!-- This site is optimized with the Yoast SEO plugin v27.1.1 - https:\/\/yoast.com\/product\/yoast-seo-wordpress\/ -->\n<title>Analytics \u00e9 prioridade estrat\u00e9gica em Auditoria Interna - Jornada da Sustentabilidade, oferecido por Deloitte<\/title>\n<meta name=\"robots\" content=\"index, follow, max-snippet:-1, max-image-preview:large, max-video-preview:-1\" \/>\n<link rel=\"canonical\" href=\"https:\/\/patrocinados.estadao.com.br\/deloitte-jornada-da-sustentabilidade\/2019\/05\/14\/analytics-e-prioridade-estrategica-em-auditoria-interna\/\" \/>\n<meta property=\"og:locale\" content=\"pt_BR\" \/>\n<meta property=\"og:type\" content=\"article\" \/>\n<meta property=\"og:title\" content=\"Analytics \u00e9 prioridade estrat\u00e9gica em Auditoria Interna - Jornada da Sustentabilidade, oferecido por Deloitte\" \/>\n<meta property=\"og:description\" content=\"Pesquisa da Deloitte aponta que 56% dos respondentes esperam aumentar o investimento em inova\u00e7\u00e3o pela \u00e1rea de Auditoria Interna\" \/>\n<meta property=\"og:url\" content=\"https:\/\/patrocinados.estadao.com.br\/deloitte-jornada-da-sustentabilidade\/2019\/05\/14\/analytics-e-prioridade-estrategica-em-auditoria-interna\/\" \/>\n<meta property=\"og:site_name\" content=\"Jornada da Sustentabilidade, oferecido por Deloitte\" \/>\n<meta property=\"article:published_time\" content=\"2019-05-14T09:00:47+00:00\" \/>\n<meta property=\"article:modified_time\" content=\"2021-09-20T14:36:17+00:00\" \/>\n<meta property=\"og:image\" content=\"https:\/\/patrocinados.estadao.com.br\/deloitte-jornada-da-sustentabilidade\/wp-content\/uploads\/2021\/09\/Risk-Analytics-verde-4.jpg\" \/>\n\t<meta property=\"og:image:width\" content=\"760\" \/>\n\t<meta property=\"og:image:height\" content=\"428\" \/>\n\t<meta property=\"og:image:type\" content=\"image\/jpeg\" \/>\n<meta name=\"author\" content=\"Geosfera\" \/>\n<meta name=\"twitter:card\" content=\"summary_large_image\" \/>\n<meta name=\"twitter:label1\" content=\"Escrito por\" \/>\n\t<meta name=\"twitter:data1\" content=\"Geosfera\" \/>\n\t<meta name=\"twitter:label2\" content=\"Est. tempo de leitura\" \/>\n\t<meta name=\"twitter:data2\" content=\"6 minutos\" \/>\n<script type=\"application\/ld+json\" class=\"yoast-schema-graph\">{\"@context\":\"https:\/\/schema.org\",\"@graph\":[{\"@type\":\"Article\",\"@id\":\"https:\/\/patrocinados.estadao.com.br\/deloitte-jornada-da-sustentabilidade\/2019\/05\/14\/analytics-e-prioridade-estrategica-em-auditoria-interna\/#article\",\"isPartOf\":{\"@id\":\"https:\/\/patrocinados.estadao.com.br\/deloitte-jornada-da-sustentabilidade\/2019\/05\/14\/analytics-e-prioridade-estrategica-em-auditoria-interna\/\"},\"author\":{\"name\":\"Geosfera\",\"@id\":\"https:\/\/patrocinados.estadao.com.br\/deloitte-jornada-da-sustentabilidade\/#\/schema\/person\/9be56940425d4f31e0c82015d0fd725f\"},\"headline\":\"Analytics \u00e9 prioridade estrat\u00e9gica em Auditoria Interna\",\"datePublished\":\"2019-05-14T09:00:47+00:00\",\"dateModified\":\"2021-09-20T14:36:17+00:00\",\"mainEntityOfPage\":{\"@id\":\"https:\/\/patrocinados.estadao.com.br\/deloitte-jornada-da-sustentabilidade\/2019\/05\/14\/analytics-e-prioridade-estrategica-em-auditoria-interna\/\"},\"wordCount\":1252,\"commentCount\":0,\"image\":{\"@id\":\"https:\/\/patrocinados.estadao.com.br\/deloitte-jornada-da-sustentabilidade\/2019\/05\/14\/analytics-e-prioridade-estrategica-em-auditoria-interna\/#primaryimage\"},\"thumbnailUrl\":\"https:\/\/patrocinados.estadao.com.br\/deloitte-jornada-da-sustentabilidade\/wp-content\/uploads\/2021\/09\/Risk-Analytics-verde-4.jpg\",\"inLanguage\":\"pt-BR\",\"potentialAction\":[{\"@type\":\"CommentAction\",\"name\":\"Comment\",\"target\":[\"https:\/\/patrocinados.estadao.com.br\/deloitte-jornada-da-sustentabilidade\/2019\/05\/14\/analytics-e-prioridade-estrategica-em-auditoria-interna\/#respond\"]}]},{\"@type\":\"WebPage\",\"@id\":\"https:\/\/patrocinados.estadao.com.br\/deloitte-jornada-da-sustentabilidade\/2019\/05\/14\/analytics-e-prioridade-estrategica-em-auditoria-interna\/\",\"url\":\"https:\/\/patrocinados.estadao.com.br\/deloitte-jornada-da-sustentabilidade\/2019\/05\/14\/analytics-e-prioridade-estrategica-em-auditoria-interna\/\",\"name\":\"Analytics \u00e9 prioridade estrat\u00e9gica em Auditoria Interna - Jornada da Sustentabilidade, oferecido por Deloitte\",\"isPartOf\":{\"@id\":\"https:\/\/patrocinados.estadao.com.br\/deloitte-jornada-da-sustentabilidade\/#website\"},\"primaryImageOfPage\":{\"@id\":\"https:\/\/patrocinados.estadao.com.br\/deloitte-jornada-da-sustentabilidade\/2019\/05\/14\/analytics-e-prioridade-estrategica-em-auditoria-interna\/#primaryimage\"},\"image\":{\"@id\":\"https:\/\/patrocinados.estadao.com.br\/deloitte-jornada-da-sustentabilidade\/2019\/05\/14\/analytics-e-prioridade-estrategica-em-auditoria-interna\/#primaryimage\"},\"thumbnailUrl\":\"https:\/\/patrocinados.estadao.com.br\/deloitte-jornada-da-sustentabilidade\/wp-content\/uploads\/2021\/09\/Risk-Analytics-verde-4.jpg\",\"datePublished\":\"2019-05-14T09:00:47+00:00\",\"dateModified\":\"2021-09-20T14:36:17+00:00\",\"author\":{\"@id\":\"https:\/\/patrocinados.estadao.com.br\/deloitte-jornada-da-sustentabilidade\/#\/schema\/person\/9be56940425d4f31e0c82015d0fd725f\"},\"breadcrumb\":{\"@id\":\"https:\/\/patrocinados.estadao.com.br\/deloitte-jornada-da-sustentabilidade\/2019\/05\/14\/analytics-e-prioridade-estrategica-em-auditoria-interna\/#breadcrumb\"},\"inLanguage\":\"pt-BR\",\"potentialAction\":[{\"@type\":\"ReadAction\",\"target\":[\"https:\/\/patrocinados.estadao.com.br\/deloitte-jornada-da-sustentabilidade\/2019\/05\/14\/analytics-e-prioridade-estrategica-em-auditoria-interna\/\"]}]},{\"@type\":\"ImageObject\",\"inLanguage\":\"pt-BR\",\"@id\":\"https:\/\/patrocinados.estadao.com.br\/deloitte-jornada-da-sustentabilidade\/2019\/05\/14\/analytics-e-prioridade-estrategica-em-auditoria-interna\/#primaryimage\",\"url\":\"https:\/\/patrocinados.estadao.com.br\/deloitte-jornada-da-sustentabilidade\/wp-content\/uploads\/2021\/09\/Risk-Analytics-verde-4.jpg\",\"contentUrl\":\"https:\/\/patrocinados.estadao.com.br\/deloitte-jornada-da-sustentabilidade\/wp-content\/uploads\/2021\/09\/Risk-Analytics-verde-4.jpg\",\"width\":760,\"height\":428,\"caption\":\"1135972798\"},{\"@type\":\"BreadcrumbList\",\"@id\":\"https:\/\/patrocinados.estadao.com.br\/deloitte-jornada-da-sustentabilidade\/2019\/05\/14\/analytics-e-prioridade-estrategica-em-auditoria-interna\/#breadcrumb\",\"itemListElement\":[{\"@type\":\"ListItem\",\"position\":1,\"name\":\"In\u00edcio\",\"item\":\"https:\/\/patrocinados.estadao.com.br\/deloitte-jornada-da-sustentabilidade\/\"},{\"@type\":\"ListItem\",\"position\":2,\"name\":\"Analytics \u00e9 prioridade estrat\u00e9gica em Auditoria Interna\"}]},{\"@type\":\"WebSite\",\"@id\":\"https:\/\/patrocinados.estadao.com.br\/deloitte-jornada-da-sustentabilidade\/#website\",\"url\":\"https:\/\/patrocinados.estadao.com.br\/deloitte-jornada-da-sustentabilidade\/\",\"name\":\"Jornada da Sustentabilidade, oferecido por Deloitte\",\"description\":\"Solu\u00e7\u00f5es de governan\u00e7a corporativa para seus desafios de neg\u00f3cios\",\"potentialAction\":[{\"@type\":\"SearchAction\",\"target\":{\"@type\":\"EntryPoint\",\"urlTemplate\":\"https:\/\/patrocinados.estadao.com.br\/deloitte-jornada-da-sustentabilidade\/?s={search_term_string}\"},\"query-input\":{\"@type\":\"PropertyValueSpecification\",\"valueRequired\":true,\"valueName\":\"search_term_string\"}}],\"inLanguage\":\"pt-BR\"},{\"@type\":\"Person\",\"@id\":\"https:\/\/patrocinados.estadao.com.br\/deloitte-jornada-da-sustentabilidade\/#\/schema\/person\/9be56940425d4f31e0c82015d0fd725f\",\"name\":\"Geosfera\",\"image\":{\"@type\":\"ImageObject\",\"inLanguage\":\"pt-BR\",\"@id\":\"https:\/\/patrocinados.estadao.com.br\/deloitte-jornada-da-sustentabilidade\/#\/schema\/person\/image\/\",\"url\":\"https:\/\/secure.gravatar.com\/avatar\/9d33d40efdce4963188a84bd4777a5f81f7c8e9cfcc15e6853c05f5cfee4c0ab?s=96&d=mm&r=g\",\"contentUrl\":\"https:\/\/secure.gravatar.com\/avatar\/9d33d40efdce4963188a84bd4777a5f81f7c8e9cfcc15e6853c05f5cfee4c0ab?s=96&d=mm&r=g\",\"caption\":\"Geosfera\"},\"sameAs\":[\"http:\/\/geosfera.com.br\"],\"url\":\"https:\/\/patrocinados.estadao.com.br\/deloitte-jornada-da-sustentabilidade\/author\/geosfera_deloitte\/\"}]}<\/script>\n<!-- \/ Yoast SEO plugin. -->","yoast_head_json":{"title":"Analytics \u00e9 prioridade estrat\u00e9gica em Auditoria Interna - Jornada da Sustentabilidade, oferecido por Deloitte","robots":{"index":"index","follow":"follow","max-snippet":"max-snippet:-1","max-image-preview":"max-image-preview:large","max-video-preview":"max-video-preview:-1"},"canonical":"https:\/\/patrocinados.estadao.com.br\/deloitte-jornada-da-sustentabilidade\/2019\/05\/14\/analytics-e-prioridade-estrategica-em-auditoria-interna\/","og_locale":"pt_BR","og_type":"article","og_title":"Analytics \u00e9 prioridade estrat\u00e9gica em Auditoria Interna - Jornada da Sustentabilidade, oferecido por Deloitte","og_description":"Pesquisa da Deloitte aponta que 56% dos respondentes esperam aumentar o investimento em inova\u00e7\u00e3o pela \u00e1rea de Auditoria Interna","og_url":"https:\/\/patrocinados.estadao.com.br\/deloitte-jornada-da-sustentabilidade\/2019\/05\/14\/analytics-e-prioridade-estrategica-em-auditoria-interna\/","og_site_name":"Jornada da Sustentabilidade, oferecido por Deloitte","article_published_time":"2019-05-14T09:00:47+00:00","article_modified_time":"2021-09-20T14:36:17+00:00","og_image":[{"width":760,"height":428,"url":"https:\/\/patrocinados.estadao.com.br\/deloitte-jornada-da-sustentabilidade\/wp-content\/uploads\/2021\/09\/Risk-Analytics-verde-4.jpg","type":"image\/jpeg"}],"author":"Geosfera","twitter_card":"summary_large_image","twitter_misc":{"Escrito por":"Geosfera","Est. tempo de leitura":"6 minutos"},"schema":{"@context":"https:\/\/schema.org","@graph":[{"@type":"Article","@id":"https:\/\/patrocinados.estadao.com.br\/deloitte-jornada-da-sustentabilidade\/2019\/05\/14\/analytics-e-prioridade-estrategica-em-auditoria-interna\/#article","isPartOf":{"@id":"https:\/\/patrocinados.estadao.com.br\/deloitte-jornada-da-sustentabilidade\/2019\/05\/14\/analytics-e-prioridade-estrategica-em-auditoria-interna\/"},"author":{"name":"Geosfera","@id":"https:\/\/patrocinados.estadao.com.br\/deloitte-jornada-da-sustentabilidade\/#\/schema\/person\/9be56940425d4f31e0c82015d0fd725f"},"headline":"Analytics \u00e9 prioridade estrat\u00e9gica em Auditoria Interna","datePublished":"2019-05-14T09:00:47+00:00","dateModified":"2021-09-20T14:36:17+00:00","mainEntityOfPage":{"@id":"https:\/\/patrocinados.estadao.com.br\/deloitte-jornada-da-sustentabilidade\/2019\/05\/14\/analytics-e-prioridade-estrategica-em-auditoria-interna\/"},"wordCount":1252,"commentCount":0,"image":{"@id":"https:\/\/patrocinados.estadao.com.br\/deloitte-jornada-da-sustentabilidade\/2019\/05\/14\/analytics-e-prioridade-estrategica-em-auditoria-interna\/#primaryimage"},"thumbnailUrl":"https:\/\/patrocinados.estadao.com.br\/deloitte-jornada-da-sustentabilidade\/wp-content\/uploads\/2021\/09\/Risk-Analytics-verde-4.jpg","inLanguage":"pt-BR","potentialAction":[{"@type":"CommentAction","name":"Comment","target":["https:\/\/patrocinados.estadao.com.br\/deloitte-jornada-da-sustentabilidade\/2019\/05\/14\/analytics-e-prioridade-estrategica-em-auditoria-interna\/#respond"]}]},{"@type":"WebPage","@id":"https:\/\/patrocinados.estadao.com.br\/deloitte-jornada-da-sustentabilidade\/2019\/05\/14\/analytics-e-prioridade-estrategica-em-auditoria-interna\/","url":"https:\/\/patrocinados.estadao.com.br\/deloitte-jornada-da-sustentabilidade\/2019\/05\/14\/analytics-e-prioridade-estrategica-em-auditoria-interna\/","name":"Analytics \u00e9 prioridade estrat\u00e9gica em Auditoria Interna - Jornada da Sustentabilidade, oferecido por Deloitte","isPartOf":{"@id":"https:\/\/patrocinados.estadao.com.br\/deloitte-jornada-da-sustentabilidade\/#website"},"primaryImageOfPage":{"@id":"https:\/\/patrocinados.estadao.com.br\/deloitte-jornada-da-sustentabilidade\/2019\/05\/14\/analytics-e-prioridade-estrategica-em-auditoria-interna\/#primaryimage"},"image":{"@id":"https:\/\/patrocinados.estadao.com.br\/deloitte-jornada-da-sustentabilidade\/2019\/05\/14\/analytics-e-prioridade-estrategica-em-auditoria-interna\/#primaryimage"},"thumbnailUrl":"https:\/\/patrocinados.estadao.com.br\/deloitte-jornada-da-sustentabilidade\/wp-content\/uploads\/2021\/09\/Risk-Analytics-verde-4.jpg","datePublished":"2019-05-14T09:00:47+00:00","dateModified":"2021-09-20T14:36:17+00:00","author":{"@id":"https:\/\/patrocinados.estadao.com.br\/deloitte-jornada-da-sustentabilidade\/#\/schema\/person\/9be56940425d4f31e0c82015d0fd725f"},"breadcrumb":{"@id":"https:\/\/patrocinados.estadao.com.br\/deloitte-jornada-da-sustentabilidade\/2019\/05\/14\/analytics-e-prioridade-estrategica-em-auditoria-interna\/#breadcrumb"},"inLanguage":"pt-BR","potentialAction":[{"@type":"ReadAction","target":["https:\/\/patrocinados.estadao.com.br\/deloitte-jornada-da-sustentabilidade\/2019\/05\/14\/analytics-e-prioridade-estrategica-em-auditoria-interna\/"]}]},{"@type":"ImageObject","inLanguage":"pt-BR","@id":"https:\/\/patrocinados.estadao.com.br\/deloitte-jornada-da-sustentabilidade\/2019\/05\/14\/analytics-e-prioridade-estrategica-em-auditoria-interna\/#primaryimage","url":"https:\/\/patrocinados.estadao.com.br\/deloitte-jornada-da-sustentabilidade\/wp-content\/uploads\/2021\/09\/Risk-Analytics-verde-4.jpg","contentUrl":"https:\/\/patrocinados.estadao.com.br\/deloitte-jornada-da-sustentabilidade\/wp-content\/uploads\/2021\/09\/Risk-Analytics-verde-4.jpg","width":760,"height":428,"caption":"1135972798"},{"@type":"BreadcrumbList","@id":"https:\/\/patrocinados.estadao.com.br\/deloitte-jornada-da-sustentabilidade\/2019\/05\/14\/analytics-e-prioridade-estrategica-em-auditoria-interna\/#breadcrumb","itemListElement":[{"@type":"ListItem","position":1,"name":"In\u00edcio","item":"https:\/\/patrocinados.estadao.com.br\/deloitte-jornada-da-sustentabilidade\/"},{"@type":"ListItem","position":2,"name":"Analytics \u00e9 prioridade estrat\u00e9gica em Auditoria Interna"}]},{"@type":"WebSite","@id":"https:\/\/patrocinados.estadao.com.br\/deloitte-jornada-da-sustentabilidade\/#website","url":"https:\/\/patrocinados.estadao.com.br\/deloitte-jornada-da-sustentabilidade\/","name":"Jornada da Sustentabilidade, oferecido por Deloitte","description":"Solu\u00e7\u00f5es de governan\u00e7a corporativa para seus desafios de neg\u00f3cios","potentialAction":[{"@type":"SearchAction","target":{"@type":"EntryPoint","urlTemplate":"https:\/\/patrocinados.estadao.com.br\/deloitte-jornada-da-sustentabilidade\/?s={search_term_string}"},"query-input":{"@type":"PropertyValueSpecification","valueRequired":true,"valueName":"search_term_string"}}],"inLanguage":"pt-BR"},{"@type":"Person","@id":"https:\/\/patrocinados.estadao.com.br\/deloitte-jornada-da-sustentabilidade\/#\/schema\/person\/9be56940425d4f31e0c82015d0fd725f","name":"Geosfera","image":{"@type":"ImageObject","inLanguage":"pt-BR","@id":"https:\/\/patrocinados.estadao.com.br\/deloitte-jornada-da-sustentabilidade\/#\/schema\/person\/image\/","url":"https:\/\/secure.gravatar.com\/avatar\/9d33d40efdce4963188a84bd4777a5f81f7c8e9cfcc15e6853c05f5cfee4c0ab?s=96&d=mm&r=g","contentUrl":"https:\/\/secure.gravatar.com\/avatar\/9d33d40efdce4963188a84bd4777a5f81f7c8e9cfcc15e6853c05f5cfee4c0ab?s=96&d=mm&r=g","caption":"Geosfera"},"sameAs":["http:\/\/geosfera.com.br"],"url":"https:\/\/patrocinados.estadao.com.br\/deloitte-jornada-da-sustentabilidade\/author\/geosfera_deloitte\/"}]}},"_links":{"self":[{"href":"https:\/\/patrocinados.estadao.com.br\/deloitte-jornada-da-sustentabilidade\/wp-json\/wp\/v2\/posts\/1077","targetHints":{"allow":["GET"]}}],"collection":[{"href":"https:\/\/patrocinados.estadao.com.br\/deloitte-jornada-da-sustentabilidade\/wp-json\/wp\/v2\/posts"}],"about":[{"href":"https:\/\/patrocinados.estadao.com.br\/deloitte-jornada-da-sustentabilidade\/wp-json\/wp\/v2\/types\/post"}],"author":[{"embeddable":true,"href":"https:\/\/patrocinados.estadao.com.br\/deloitte-jornada-da-sustentabilidade\/wp-json\/wp\/v2\/users\/2"}],"replies":[{"embeddable":true,"href":"https:\/\/patrocinados.estadao.com.br\/deloitte-jornada-da-sustentabilidade\/wp-json\/wp\/v2\/comments?post=1077"}],"version-history":[{"count":1,"href":"https:\/\/patrocinados.estadao.com.br\/deloitte-jornada-da-sustentabilidade\/wp-json\/wp\/v2\/posts\/1077\/revisions"}],"predecessor-version":[{"id":1883,"href":"https:\/\/patrocinados.estadao.com.br\/deloitte-jornada-da-sustentabilidade\/wp-json\/wp\/v2\/posts\/1077\/revisions\/1883"}],"wp:featuredmedia":[{"embeddable":true,"href":"https:\/\/patrocinados.estadao.com.br\/deloitte-jornada-da-sustentabilidade\/wp-json\/wp\/v2\/media\/1706"}],"wp:attachment":[{"href":"https:\/\/patrocinados.estadao.com.br\/deloitte-jornada-da-sustentabilidade\/wp-json\/wp\/v2\/media?parent=1077"}],"wp:term":[{"taxonomy":"category","embeddable":true,"href":"https:\/\/patrocinados.estadao.com.br\/deloitte-jornada-da-sustentabilidade\/wp-json\/wp\/v2\/categories?post=1077"},{"taxonomy":"post_tag","embeddable":true,"href":"https:\/\/patrocinados.estadao.com.br\/deloitte-jornada-da-sustentabilidade\/wp-json\/wp\/v2\/tags?post=1077"}],"curies":[{"name":"wp","href":"https:\/\/api.w.org\/{rel}","templated":true}]}}